{"id":92556,"date":"2021-06-02T09:09:41","date_gmt":"2021-06-02T09:09:41","guid":{"rendered":"https:\/\/snd1.org\/irma-maria-hildegardis\/"},"modified":"2024-07-06T04:41:46","modified_gmt":"2024-07-06T04:41:46","slug":"irma-maria-hildegardis","status":"publish","type":"post","link":"https:\/\/snd1.org\/pt-pt\/noticia-de-morte2-2\/irma-maria-hildegardis\/","title":{"rendered":"Irm\u00e3 Maria Hildegardis"},"content":{"rendered":"<p><strong>Irm\u00e3 Maria Hildegardis<\/strong><strong>\u00a0 \u00a0 \u00a0 \u00a0 \u00a0 \u00a0 \u00a0 \u00a0 \u00a0 \u00a0 <\/strong>ND 4241\u00a0 \u00a0 \u00a0 \u00a0 \u00a0 \u00a0 \u00a0 \u00a0 \u00a0 \u00a0 <a href=\"https:\/\/snd1.org\/wp-content\/uploads\/HildegardisP.pdf\"><i class=\"fa fa-download\"><\/i>PDF Download<\/a><\/p>\n<p>Mechtild INGENSIEP<\/p>\n<p>Prov\u00edncia Maria Regina, Coesfeld, Alemanha<\/p>\n<p>Data e local do nascimento:\u00a0\u00a0\u00a0\u00a0\u00a0\u00a0\u00a0 26 de outubro, 1928\u00a0\u00a0\u00a0\u00a0\u00a0\u00a0\u00a0 Kempen\/Baixo Reno<br \/>\nData e local da profiss\u00e3o:\u00a0\u00a0\u00a0\u00a0\u00a0\u00a0\u00a0\u00a0\u00a0\u00a0\u00a0 09 de abril, 1953\u00a0 \u00a0 \u00a0 \u00a0 \u00a0 \u00a0 \u00a0 \u00a0M\u00fclhausen<br \/>\nData e local do falecimento:\u00a0 \u00a0 \u00a0 \u00a002 de junho, 2021\u00a0\u00a0 \u00a0\u00a0\u00a0\u00a0\u00a0\u00a0\u00a0\u00a0 M\u00fclhausen, Haus Salus<br \/>\nData e local do funeral:\u00a0\u00a0\u00a0\u00a0\u00a0\u00a0\u00a0\u00a0\u00a0\u00a0\u00a0\u00a0\u00a0\u00a0 11 de junho, 2021\u00a0 \u00a0 \u00a0 \u00a0 \u00a0 \u00a0 \u00a0 M\u00fclhausen, Cemit\u00e9rio conventual<\/p>\n<p><strong><em><a href=\"https:\/\/snd1.org\/wp-content\/uploads\/Sister-Maria-Hildegardis.jpg\"><img fetchpriority=\"high\" decoding=\"async\" class=\"alignleft wp-image-25875\" src=\"https:\/\/snd1.org\/wp-content\/uploads\/Sister-Maria-Hildegardis.jpg\" alt=\"\" width=\"350\" height=\"522\" srcset=\"https:\/\/snd1.org\/wp-content\/uploads\/Sister-Maria-Hildegardis.jpg 687w, https:\/\/snd1.org\/wp-content\/uploads\/Sister-Maria-Hildegardis-235x350.jpg 235w, https:\/\/snd1.org\/wp-content\/uploads\/Sister-Maria-Hildegardis-101x150.jpg 101w, https:\/\/snd1.org\/wp-content\/uploads\/Sister-Maria-Hildegardis-100x150.jpg 100w\" sizes=\"(max-width: 350px) 100vw, 350px\" \/><\/a>\u201cSenhor, nosso Deus, qu\u00e3o presente e qu\u00e3o indescritivelmente pr\u00f3ximo de n\u00f3s Tu est\u00e1s\u201d.<\/em><\/strong><\/p>\n<p>Irm\u00e3 Maria Hildegardis, acreditava firmemente neste vers\u00edculo, o que lhe deu for\u00e7as durante toda a sua vida.<\/p>\n<p>Mechtild passou a inf\u00e2ncia junto com seus tr\u00eas irm\u00e3os na vizinha Grefrath, onde seu pai era o diretor da escola prim\u00e1ria e secund\u00e1ria. Toda a sua vida foi muito ligada \u00e0 sua fam\u00edlia e sempre rezava nas inten\u00e7\u00f5es dos familiares.<\/p>\n<p>Quando, ap\u00f3s a guerra, a Liebfrauenschule em M\u00fclhausen foi reaberta, ela foi uma das primeiras alunas a retornar em outubro de 1945, formando-se em 1949.<\/p>\n<p>J\u00e1 em 1950, ingressou em nossa Congrega\u00e7\u00e3o em M\u00fclhausen. Ap\u00f3s sua primeira profiss\u00e3o, foi enviada como professora para os internatos em M\u00fclhausen e Ratingen. A Irm\u00e3 foi uma educadora dedicada e, mais tarde, professora comprometida na escola prim\u00e1ria e secund\u00e1ria em Rheinbach. Entregou o apostolado que amava &#8211; a escola prim\u00e1ria e secund\u00e1ria &#8211; para dar aulas na escola secund\u00e1ria de gram\u00e1tica para meninas, St. Joseph (Rheinbach), porque havia falta de professores.<\/p>\n<p>Em 1976, Irm\u00e3 M. Hildegardis ficou doente e foi enviada para Bad Peterstal por um longo tempo. L\u00e1, morou no convento das Irm\u00e3s Vicentinas de Friburgo. Sobre esse tempo, sem d\u00favida, muito importante, escreve o seguinte: \u201cA escola e os jovens, que tanto amei e aos quais dediquei minha vida, est\u00e3o ficando cada vez mais distantes. Ao encontrar os enfermos e conhecer suas necessidades, senti nova for\u00e7a, uma confian\u00e7a e uma alegria t\u00e3o fortes que me convenci de que meu futuro apostolado era aqui, entre os enfermos\u201d. Algum tempo depois, escreveu: \u201cEm 1978, minhas experi\u00eancias em Bad Peterstal me deram coragem para embarcar neste caminho com a permiss\u00e3o das minhas superioras. Voltei para a minha prov\u00edncia e no dia 1 \u00b0 de maio de 1978 (\u2026), comecei meu apostolado como capel\u00e3 nos hospitais universit\u00e1rios de Bonn-Venusberg.\u201d Devido a uma doen\u00e7a, teve que abandonar este amado apostolado e, em 1995, ap\u00f3s curta estada em Kempen e Ratingen, foi morar no Haus Salus. Nos primeiros anos, ainda acompanhava suas coirm\u00e3s espiritualmente.<\/p>\n<p>Devido \u00e0s circunst\u00e2ncias, celebramos a liturgia de Corpus Christi no dia anterior. Na homilia, o Padre Quadflieg fez uma conex\u00e3o do mist\u00e9rio desta Festa com as estrofes da can\u00e7\u00e3o de n\u00ba 414 do nosso livro de ora\u00e7\u00e3o: <em>\u201cSenhor, nosso Deus, qu\u00e3o presente e qu\u00e3o indescritivelmente<\/em> pr\u00f3ximo de n\u00f3s Tu est\u00e1s. <em>Sempre cuidas de n\u00f3s, abrigando-nos em Tua bondade\u201d.<\/em><\/p>\n<p>Ap\u00f3s a Santa Missa, a Irm\u00e3 M. Hildegard recebeu a Un\u00e7\u00e3o dos Enfermos. Sua sobrinha, que fora informada do agravamento da sa\u00fade da Irm\u00e3, veio imediatamente. Ela agradeceu ter podido estar presente quando sua tia voltou para a casa de Deus.<\/p>\n<p>Acreditando no amor providente de Deus, a Irm\u00e3 M. Hildegardis frequentemente expressava sua disposi\u00e7\u00e3o de entregar-se completamente a Deus. Era grata pelas visitas e pela ajuda que recebia. Repetidamente, dizia que se sentia \u201cmuito bem cuidada no Haus Salus\u201d.<\/p>\n<p>Acreditamos que agora, ela esteja desfrutando da vida plenificada no abra\u00e7o amoroso de Deus.<\/p>\n","protected":false},"excerpt":{"rendered":"<p>Prov\u00edncia Maria Regina<br \/>\nCoesfeld, Alemanha<br \/>\n02 de junho, 2021\u00a0\u00a0<\/p>\n","protected":false},"author":8,"featured_media":92551,"comment_status":"closed","ping_status":"closed","sticky":false,"template":"","format":"standard","meta":{"colormag_page_container_layout":"default_layout","colormag_page_sidebar_layout":"default_layout","footnotes":""},"categories":[284],"tags":[],"class_list":["post-92556","post","type-post","status-publish","format-standard","has-post-thumbnail","hentry","category-noticia-de-morte2-2"],"_links":{"self":[{"href":"https:\/\/snd1.org\/pt-pt\/wp-json\/wp\/v2\/posts\/92556","targetHints":{"allow":["GET"]}}],"collection":[{"href":"https:\/\/snd1.org\/pt-pt\/wp-json\/wp\/v2\/posts"}],"about":[{"href":"https:\/\/snd1.org\/pt-pt\/wp-json\/wp\/v2\/types\/post"}],"author":[{"embeddable":true,"href":"https:\/\/snd1.org\/pt-pt\/wp-json\/wp\/v2\/users\/8"}],"replies":[{"embeddable":true,"href":"https:\/\/snd1.org\/pt-pt\/wp-json\/wp\/v2\/comments?post=92556"}],"version-history":[{"count":1,"href":"https:\/\/snd1.org\/pt-pt\/wp-json\/wp\/v2\/posts\/92556\/revisions"}],"predecessor-version":[{"id":106694,"href":"https:\/\/snd1.org\/pt-pt\/wp-json\/wp\/v2\/posts\/92556\/revisions\/106694"}],"wp:featuredmedia":[{"embeddable":true,"href":"https:\/\/snd1.org\/pt-pt\/wp-json\/wp\/v2\/media\/92551"}],"wp:attachment":[{"href":"https:\/\/snd1.org\/pt-pt\/wp-json\/wp\/v2\/media?parent=92556"}],"wp:term":[{"taxonomy":"category","embeddable":true,"href":"https:\/\/snd1.org\/pt-pt\/wp-json\/wp\/v2\/categories?post=92556"},{"taxonomy":"post_tag","embeddable":true,"href":"https:\/\/snd1.org\/pt-pt\/wp-json\/wp\/v2\/tags?post=92556"}],"curies":[{"name":"wp","href":"https:\/\/api.w.org\/{rel}","templated":true}]}}