{"id":92071,"date":"2021-01-10T20:16:59","date_gmt":"2021-01-10T20:16:59","guid":{"rendered":"https:\/\/snd1.org\/irma-mary-doretta\/"},"modified":"2024-07-06T04:42:32","modified_gmt":"2024-07-06T04:42:32","slug":"irma-mary-doretta","status":"publish","type":"post","link":"https:\/\/snd1.org\/pt-pt\/noticia-de-morte2-2\/irma-mary-doretta\/","title":{"rendered":"Irm\u00e3 Mary Doretta\u00a0 \u00a0"},"content":{"rendered":"<p><b>Irm\u00e3 Mary Doretta<\/b>\u00a0 \u00a0 \u00a0 \u00a0 \u00a0 \u00a0 \u00a0 \u00a0 \u00a0 \u00a0 <span style=\"font-weight: 400;\">ND 6612\u00a0 \u00a0 \u00a0 \u00a0 \u00a0 \u00a0 \u00a0 \u00a0 \u00a0 \u00a0 <a href=\"https:\/\/snd1.org\/wp-content\/uploads\/DorettaP.pdf\"><i class=\"fa fa-download\"><\/i>PDF Download<\/a><\/span><\/p>\n<p><span style=\"font-weight: 400;\">Philena Ann PETER<\/span><\/p>\n<p><span style=\"font-weight: 400;\">Prov\u00edncia da Imaculada Concei\u00e7\u00e3o, EUA<\/span><\/p>\n<p><span style=\"font-weight: 400;\">Data e local do nascimento:<\/span> <span style=\"font-weight: 400;\">02 de abril, 1949<\/span>\u00a0 \u00a0 \u00a0 <span style=\"font-weight: 400;\">Toledo, Ohio<br \/>\n<\/span><span style=\"font-weight: 400;\">Data e local da profiss\u00e3o:\u00a0 \u00a0 \u00a0<\/span> <span style=\"font-weight: 400;\">15 de janeiro, 1971<\/span>\u00a0 \u00a0<span style=\"font-weight: 400;\">Toledo, Ohio<br \/>\n<\/span><span style=\"font-weight: 400;\">Data e local do falecimento:<\/span> <span style=\"font-weight: 400;\">10 de janeiro, 2021<\/span> \u00a0<span style=\"font-weight: 400;\">Sylvania, Ohio<\/span><\/p>\n<p><i><span style=\"font-weight: 400;\"><a href=\"https:\/\/snd1.org\/wp-content\/uploads\/Doretta.jpg\"><img fetchpriority=\"high\" decoding=\"async\" class=\"alignleft size-full wp-image-25252\" src=\"https:\/\/snd1.org\/wp-content\/uploads\/Doretta.jpg\" alt=\"\" width=\"246\" height=\"369\" srcset=\"https:\/\/snd1.org\/wp-content\/uploads\/Doretta.jpg 246w, https:\/\/snd1.org\/wp-content\/uploads\/Doretta-233x350.jpg 233w, https:\/\/snd1.org\/wp-content\/uploads\/Doretta-100x150.jpg 100w\" sizes=\"(max-width: 246px) 100vw, 246px\" \/><\/a>Pedi, e vos ser\u00e1 dado; buscai, e achareis;<br \/>\n<\/span><\/i><i><span style=\"font-weight: 400;\">batei e vos ser\u00e1 aberta. (Lucas 11,9)<\/span><\/i><\/p>\n<p><span style=\"font-weight: 400;\">Humilde e reservada, atenta \u00e0s necessidades das pessoas, trabalhadora e sempre em sintonia com a vontade de Deus, Irm\u00e3 Mary Doretta permitiu que Deus guiasse sua vida. Guiada por Deus, foi capaz de levar outros a Deus.<\/span><\/p>\n<p><span style=\"font-weight: 400;\">Filha de Richard e Dorothy (Decker) Peter, Philena era a filha mais nova de uma pequena fam\u00edlia de dois filhos. Philena Ann gostava do seu nome de batismo porque a m\u00e3e o havia inventado especialmente para ela. O in\u00edcio da vida de Philena foi influenciado pelas Irm\u00e3s de Notre Dame, quando frequentou a Ladyfield Elementary School, a Notre Dame Academy e a Notre Dame College de Ohio. Quando Philena se tornou Irm\u00e3 de Notre Dame, adotou o nome de Irm\u00e3 Mary Doretta, uma forma de Dorothy em homenagem a sua m\u00e3e. A convers\u00e3o de sua m\u00e3e \u00e0 f\u00e9 cat\u00f3lica foi um dia muito alegre para Irm\u00e3 Mary Doretta e sua fam\u00edlia.<\/span><\/p>\n<p><span style=\"font-weight: 400;\">A Irm\u00e3 estudou na Bowling Green State University, onde fez mestrado em Educa\u00e7\u00e3o Especial. Em 1973, come\u00e7ou a lecionar na Mary Immaculate School em Toledo, uma escola para crian\u00e7as com necessidades especiais. A partir de 1979, por alguns anos lecionou para a primeira s\u00e9rie em outras escolas da Diocese de Toledo, mas depois voltou ao seu primeiro amor e especialidade de ensino na Mary Immaculate School, onde lecionou por mais 25 anos. Muitos pais e ex-alunos atestaram que \u201cVoc\u00ea podia confiar na Irm\u00e3 Doretta\u201d e \u201cTodos sabiam por suas palavras e a\u00e7\u00f5es que a Irm\u00e3 se preocupava profundamente com o bem-estar dos alunos\u201d. Possu\u00eda um not\u00e1vel talento para ajudar crian\u00e7as com necessidades especiais com seus m\u00e9todos criativos, e assim, compartilhou seus conhecimentos fazendo parte do Conselho Escolar da Autism Academy por nove anos.<\/span><\/p>\n<p><span style=\"font-weight: 400;\">Irm\u00e3 Mary Doretta compartilhou sua energia criativa com as pessoas. Gostava de cantar, cozinhar, decorar e, acima de tudo, arranjar as flores na capela. Irm\u00e3 Mary Doretta \u00e9 especialmente lembrada como uma pessoa orante e grande amante da Eucaristia, ao preparar muitas crian\u00e7as para a primeira comunh\u00e3o. Sua devo\u00e7\u00e3o a Maria encontrou express\u00e3o na recita\u00e7\u00e3o di\u00e1ria do ter\u00e7o, altares no m\u00eas de maio, prociss\u00f5es \u00e0 gruta e sua ades\u00e3o \u00e0 Confraria Mariana.\u00a0<\/span><\/p>\n<p><span style=\"font-weight: 400;\">O dia 15 de janeiro de 2021 seria um dia especial para ela, pois celebraria seu Jubileu de Ouro. Somente Deus sabia que ela estaria diante de seu Noivo para receber Seu abra\u00e7o de boas-vindas em sua casa para sempre. A cita\u00e7\u00e3o b\u00edblica favorita da Irm\u00e3 Mary Doretta encontrou seu cumprimento nela: Agora, ela j\u00e1 RECEBEU. Ela j\u00e1 ENCONTROU. E a porta foi ABERTA para ela. (Lc 11, 9) Que descanse em paz.<\/span><\/p>\n","protected":false},"excerpt":{"rendered":"<p>Prov\u00edncia da Imaculada Concei\u00e7\u00e3o<br \/>\nEUA<br \/>\n10 de janeiro, 2021<\/p>\n","protected":false},"author":8,"featured_media":92073,"comment_status":"closed","ping_status":"closed","sticky":false,"template":"","format":"standard","meta":{"colormag_page_container_layout":"default_layout","colormag_page_sidebar_layout":"default_layout","footnotes":""},"categories":[284],"tags":[],"class_list":["post-92071","post","type-post","status-publish","format-standard","has-post-thumbnail","hentry","category-noticia-de-morte2-2"],"_links":{"self":[{"href":"https:\/\/snd1.org\/pt-pt\/wp-json\/wp\/v2\/posts\/92071","targetHints":{"allow":["GET"]}}],"collection":[{"href":"https:\/\/snd1.org\/pt-pt\/wp-json\/wp\/v2\/posts"}],"about":[{"href":"https:\/\/snd1.org\/pt-pt\/wp-json\/wp\/v2\/types\/post"}],"author":[{"embeddable":true,"href":"https:\/\/snd1.org\/pt-pt\/wp-json\/wp\/v2\/users\/8"}],"replies":[{"embeddable":true,"href":"https:\/\/snd1.org\/pt-pt\/wp-json\/wp\/v2\/comments?post=92071"}],"version-history":[{"count":1,"href":"https:\/\/snd1.org\/pt-pt\/wp-json\/wp\/v2\/posts\/92071\/revisions"}],"predecessor-version":[{"id":106712,"href":"https:\/\/snd1.org\/pt-pt\/wp-json\/wp\/v2\/posts\/92071\/revisions\/106712"}],"wp:featuredmedia":[{"embeddable":true,"href":"https:\/\/snd1.org\/pt-pt\/wp-json\/wp\/v2\/media\/92073"}],"wp:attachment":[{"href":"https:\/\/snd1.org\/pt-pt\/wp-json\/wp\/v2\/media?parent=92071"}],"wp:term":[{"taxonomy":"category","embeddable":true,"href":"https:\/\/snd1.org\/pt-pt\/wp-json\/wp\/v2\/categories?post=92071"},{"taxonomy":"post_tag","embeddable":true,"href":"https:\/\/snd1.org\/pt-pt\/wp-json\/wp\/v2\/tags?post=92071"}],"curies":[{"name":"wp","href":"https:\/\/api.w.org\/{rel}","templated":true}]}}