{"id":91382,"date":"2020-08-31T17:55:40","date_gmt":"2020-08-31T17:55:40","guid":{"rendered":"https:\/\/snd1.org\/na-festa-patronal-da-provincia-maria-regina-agradecemos-a-mae-de-deus-pela-protecao-durante-a-pandemia\/"},"modified":"2024-05-27T11:52:39","modified_gmt":"2024-05-27T11:52:39","slug":"na-festa-patronal-da-provincia-maria-regina-agradecemos-a-mae-de-deus-pela-protecao-durante-a-pandemia","status":"publish","type":"post","link":"https:\/\/snd1.org\/pt-pt\/noticias-atuais\/na-festa-patronal-da-provincia-maria-regina-agradecemos-a-mae-de-deus-pela-protecao-durante-a-pandemia\/","title":{"rendered":"Na Festa Patronal da Prov\u00edncia Maria Regina,  agradecemos \u00e0 M\u00e3e de Deus pela prote\u00e7\u00e3o durante a pandemia."},"content":{"rendered":"<p><a href=\"https:\/\/snd1.org\/wp-content\/uploads\/20200822-Image.jpg\"><img fetchpriority=\"high\" decoding=\"async\" class=\"size-full wp-image-24630 aligncenter\" src=\"https:\/\/snd1.org\/wp-content\/uploads\/20200822-Image.jpg\" alt=\"\" width=\"1444\" height=\"1500\" srcset=\"https:\/\/snd1.org\/wp-content\/uploads\/20200822-Image.jpg 1444w, https:\/\/snd1.org\/wp-content\/uploads\/20200822-Image-337x350.jpg 337w, https:\/\/snd1.org\/wp-content\/uploads\/20200822-Image-986x1024.jpg 986w, https:\/\/snd1.org\/wp-content\/uploads\/20200822-Image-144x150.jpg 144w, https:\/\/snd1.org\/wp-content\/uploads\/20200822-Image-768x798.jpg 768w\" sizes=\"(max-width: 1444px) 100vw, 1444px\" \/><\/a><\/p>\n<p><a href=\"https:\/\/snd1.org\/wp-content\/uploads\/20200831The-Queenship-of-the-Blessed-Virgin-Mary-P.pdf\"><i class=\"fa fa-download\"><\/i>PDF Download<\/a><\/p>\n<p>Durante a celebra\u00e7\u00e3o da Festa Patronal da Prov\u00edncia Europeia Maria Regina em Coesfeld, agradecemos a Maria, nossa poderosa intercessora e pedimos sua ajuda: <em>\u201cMaria, Rainha do C\u00e9u, agradecemos pela vossa prote\u00e7\u00e3o durante este tempo e pedimos que nos livre de todos os males do corpo e da alma\u201d.<\/em><\/p>\n<p>As irm\u00e3s da comunidade local do Kloster Annenthal reuniram-se para, em prociss\u00e3o, caminhar at\u00e9 a antiga est\u00e1tua de Maria, a M\u00e3e de Deus, que data dos anos da funda\u00e7\u00e3o em Coesfeld. Cadeiras haviam sido preparadas para todas para que pud\u00e9ssemos agradecer de todo o cora\u00e7\u00e3o a Maria e pedir a sua ajuda. As irm\u00e3s da Casa Ema\u00fas nos ajudaram com a m\u00fasica. Juntas, rezamos a seguinte ladainha de a\u00e7\u00e3o de gra\u00e7as:<\/p>\n<p>LADAINHA DE A\u00c7\u00c3O DE GRA\u00c7AS PELOS BENEF\u00cdCIOS RECEBIDOS DE DEUS DESDE A CRIA\u00c7\u00c3O DO MUNDO \u2013 aliada a gratid\u00e3o a todos aqueles que ajudam as outras pessoas:<\/p>\n<p>Senhor, especialmente nestes dias, h\u00e1 muitas pessoas<br \/>\nque se preocupam com os outros,<br \/>\ncom o bem comum e com a vida.<br \/>\n\u00c0s vezes, arriscam a pr\u00f3pria sa\u00fade &#8211;<br \/>\nem hospitais e consult\u00f3rios m\u00e9dicos,<br \/>\nem farm\u00e1cias e supermercados,<br \/>\nna presta\u00e7\u00e3o de servi\u00e7os de pol\u00edcia ou corpo de bombeiros,<br \/>\nde emerg\u00eancia e transporte p\u00fablico,<br \/>\nna pol\u00edtica e na administra\u00e7\u00e3o.<\/p>\n<p>Inclu\u00edmos todos eles e muitos outros<br \/>\nem nossa a\u00e7\u00e3o de gra\u00e7as a V\u00f3s, nosso Senhor e Deus.<\/p>\n<p>\u201cDai gra\u00e7as ao Senhor, porque ele \u00e9 bom,<br \/>\npois seu amor dura para sempre!<br \/>\nDai gra\u00e7as ao Senhor dos senhores,<br \/>\npois seu amor dura para sempre!<br \/>\nAquele que sozinho faz maravilhas,<br \/>\npois seu amor dura para sempre!<br \/>\nAquele que por entendimento fez os c\u00e9us,<br \/>\npois seu amor dura para sempre!<br \/>\nAquele que estendeu a terra sobre as \u00e1guas,<br \/>\npois seu amor dura para sempre!<br \/>\nO que d\u00e1 mantimento a toda carne,<br \/>\npois seu amor dura para sempre!<br \/>\nDai gra\u00e7as ao Deus dos c\u00e9us,<br \/>\npois seu amor dura para sempre! Am\u00e9m. \u00a0<em>(Dr. Christian Schramm, conforme Salmo 136)<\/em><\/p>\n<p>Ap\u00f3s o momento de ora\u00e7\u00e3o, foi servido sorvete para todas as irm\u00e3s. A significativa entrega de sorvete da sorveteria local foi uma oportunidade para apoiar a economia dom\u00e9stica, fato que o propriet\u00e1rio apreciou muito.<\/p>\n<p style=\"text-align: right;\"><em>Relato da<\/em> <em>Irm\u00e3<\/em> <em>Josefa Maria Bergmann<br \/>\n<\/em><em>Fotos:<\/em> <em>Irm\u00e3<\/em> <em>M. Hermengard Willemsen e Irm\u00e3 Josefa Maria Bergmann<\/em><\/p>\n<p><iframe title=\"NA FESTA PATRONAL DA PROV\u00cdNCIA MARIA REGINA\" width=\"800\" height=\"450\" src=\"https:\/\/www.youtube.com\/embed\/k3yUt4NCKMo?feature=oembed\" frameborder=\"0\" allow=\"accelerometer; autoplay; clipboard-write; encrypted-media; gyroscope; picture-in-picture; web-share\" referrerpolicy=\"strict-origin-when-cross-origin\" allowfullscreen><\/iframe><\/p>\n","protected":false},"excerpt":{"rendered":"<p>PDF Download Durante a celebra\u00e7\u00e3o da Festa Patronal da Prov\u00edncia Europeia Maria Regina em Coesfeld, agradecemos a Maria, nossa poderosa<\/p>\n","protected":false},"author":8,"featured_media":91384,"comment_status":"closed","ping_status":"closed","sticky":false,"template":"","format":"standard","meta":{"colormag_page_container_layout":"default_layout","colormag_page_sidebar_layout":"default_layout","footnotes":""},"categories":[296],"tags":[],"class_list":["post-91382","post","type-post","status-publish","format-standard","has-post-thumbnail","hentry","category-noticias-atuais"],"_links":{"self":[{"href":"https:\/\/snd1.org\/pt-pt\/wp-json\/wp\/v2\/posts\/91382","targetHints":{"allow":["GET"]}}],"collection":[{"href":"https:\/\/snd1.org\/pt-pt\/wp-json\/wp\/v2\/posts"}],"about":[{"href":"https:\/\/snd1.org\/pt-pt\/wp-json\/wp\/v2\/types\/post"}],"author":[{"embeddable":true,"href":"https:\/\/snd1.org\/pt-pt\/wp-json\/wp\/v2\/users\/8"}],"replies":[{"embeddable":true,"href":"https:\/\/snd1.org\/pt-pt\/wp-json\/wp\/v2\/comments?post=91382"}],"version-history":[{"count":1,"href":"https:\/\/snd1.org\/pt-pt\/wp-json\/wp\/v2\/posts\/91382\/revisions"}],"predecessor-version":[{"id":101036,"href":"https:\/\/snd1.org\/pt-pt\/wp-json\/wp\/v2\/posts\/91382\/revisions\/101036"}],"wp:featuredmedia":[{"embeddable":true,"href":"https:\/\/snd1.org\/pt-pt\/wp-json\/wp\/v2\/media\/91384"}],"wp:attachment":[{"href":"https:\/\/snd1.org\/pt-pt\/wp-json\/wp\/v2\/media?parent=91382"}],"wp:term":[{"taxonomy":"category","embeddable":true,"href":"https:\/\/snd1.org\/pt-pt\/wp-json\/wp\/v2\/categories?post=91382"},{"taxonomy":"post_tag","embeddable":true,"href":"https:\/\/snd1.org\/pt-pt\/wp-json\/wp\/v2\/tags?post=91382"}],"curies":[{"name":"wp","href":"https:\/\/api.w.org\/{rel}","templated":true}]}}