{"id":89543,"date":"2019-09-04T11:51:19","date_gmt":"2019-09-04T11:51:19","guid":{"rendered":"https:\/\/snd1.org\/irma-maria-lutharde\/"},"modified":"2024-07-06T04:48:25","modified_gmt":"2024-07-06T04:48:25","slug":"irma-maria-lutharde","status":"publish","type":"post","link":"https:\/\/snd1.org\/pt-pt\/noticia-de-morte2-2\/irma-maria-lutharde\/","title":{"rendered":"Irm\u00e3 Maria Lutharde\u00a0\u00a0"},"content":{"rendered":"<p><strong>Irm\u00e3 Maria Lutharde<\/strong><strong>\u00a0\u00a0\u00a0\u00a0\u00a0\u00a0\u00a0 \u00a0\u00a0\u00a0\u00a0\u00a0\u00a0\u00a0\u00a0\u00a0\u00a0 <\/strong>ND 4745\u00a0 \u00a0 \u00a0 \u00a0 \u00a0 \u00a0 \u00a0 \u00a0 \u00a0 <a href=\"https:\/\/snd1.org\/wp-content\/uploads\/2019\/09\/LuthardeP.pdf\"><i class=\"fa fa-download\"><\/i>PDF Download<br \/>\n<\/a><\/p>\n<p>Gertrud Icks<\/p>\n<p>Prov\u00edncia Maria Regina, Coesfeld, Alemanha<\/p>\n<p>Data e local do nascimento:\u00a0\u00a0\u00a0\u00a0\u00a0\u00a0\u00a0\u00a0\u00a0\u00a0\u00a0 19 de julho,1929 \u00a0\u00a0\u00a0\u00a0\u00a0\u00a0\u00a0\u00a0\u00a0 Kleve<br \/>\nData e local da profiss\u00e3o:\u00a0\u00a0\u00a0\u00a0\u00a0\u00a0\u00a0\u00a0\u00a0\u00a0\u00a0\u00a0\u00a0\u00a0\u00a0 08 de setembro,1958\u00a0\u00a0 M\u00fclhausen<br \/>\nData e local do falecimento:\u00a0 \u00a0 \u00a0 \u00a0 \u00a0 \u00a004 de setembro, 2019\u00a0 M\u00fclhausen, Haus Salus<br \/>\nData e local do funeral:\u00a0\u00a0\u00a0\u00a0\u00a0\u00a0\u00a0\u00a0\u00a0\u00a0\u00a0\u00a0\u00a0\u00a0\u00a0\u00a0\u00a0\u00a0\u00a0 11 de setembro, 2019\u00a0 M\u00fclhausen, Cemit\u00e9rio conventual<\/p>\n<p><a href=\"https:\/\/snd1.org\/wp-content\/uploads\/2019\/09\/20190904_Lutharde.jpg\"><img fetchpriority=\"high\" decoding=\"async\" class=\"alignleft wp-image-23192\" src=\"https:\/\/snd1.org\/wp-content\/uploads\/2019\/09\/20190904_Lutharde.jpg\" alt=\"\" width=\"398\" height=\"531\" srcset=\"https:\/\/snd1.org\/wp-content\/uploads\/2019\/09\/20190904_Lutharde.jpg 2328w, https:\/\/snd1.org\/wp-content\/uploads\/2019\/09\/20190904_Lutharde-263x350.jpg 263w, https:\/\/snd1.org\/wp-content\/uploads\/2019\/09\/20190904_Lutharde-768x1024.jpg 768w\" sizes=\"(max-width: 398px) 100vw, 398px\" \/><\/a>\u201cN\u00e3o vos entriste\u00e7ais, pois a alegria do Senhor \u00e9 a vossa for\u00e7a\u201d. (Neemias 8,10)<\/p>\n<p>Gertrud Icks era a terceira dos cinco filhos de Heinrich Icks, serralheiro, e de sua esposa Hendrina. Ap\u00f3s completar os oito anos na escola prim\u00e1ria e secund\u00e1ria cat\u00f3lica em sua cidade natal, Kleve, no Baixo Reno, em 1944 come\u00e7ou a frequentar a escola de economia dom\u00e9stica em Goch. Por\u00e9m, ap\u00f3s seis meses apenas, precisou interromper seus estudos porque a maioria dos habitantes de Kleve tiveram que deixar a cidade devido a guerra. A fam\u00edlia Icks foi transferida para Wulferstedt (atual Comarca de B\u00f6rde, na Sax\u00f4nia-Anhalt). Ali, Gertrud tamb\u00e9m cumpriu seu &#8220;ano obrigat\u00f3rio&#8221; de servi\u00e7o ao governo. Em 1946, ao retornar \u00e0 sua cidade natal, iniciou um curso de costureira numa ind\u00fastria, completando o curso e realizando o exame final em 1949. Como era costume na \u00e9poca, Gertrud adquiriu experi\u00eancia pr\u00e1tica em quatro outras empresas em Kleve e Krefeld.<\/p>\n<p>Numa viagem a Roma, conheceu as Irm\u00e3s de Notre Dame e quis ingressar na Congrega\u00e7\u00e3o, imediatamente, em Roma. No entanto, foi encaminhada para a Prov\u00edncia de M\u00fclhausen, que era mais pr\u00f3xima da sua cidade natal.<\/p>\n<p>Em 24 de outubro de 1955, Gertrud iniciou a forma\u00e7\u00e3o como Postulante em M\u00fclhausen e, na vesti\u00e7\u00e3o, em 3 de setembro de 1956, recebeu o nome de Irm\u00e3 Maria Lutharde. Depois dos primeiros votos, a partir de 1959, trabalhou em diferentes lugares onde as irm\u00e3s ofereciam cursos de costura. Depois de um curso preparat\u00f3rio no Instituto Meinwerk, Paderborn, em fevereiro de 1960 passou no exame aplicado pela C\u00e2mara de Com\u00e9rcio de Bielefeld tornando-se professora (instrutora\/mestra) de costura. De 1960 a 1964, a Ir. M. Lutharde frequentou aulas noturnas em Kempen, preparando-se para os exames do Curso Superior. Durante esses anos, trabalhou na sala de costura da Casa Provincial. O plano original de prepar\u00e1-la para ser professora na escola t\u00e9cnica foi abandonado porque a irm\u00e3 foi enviada como mission\u00e1ria para Pekalongan, Indon\u00e9sia. De 1965 a 1974, em Pekalongan, exerceu o apostolado em diferentes \u00e1reas. Al\u00e9m do holand\u00eas, que j\u00e1 dominava, aprendeu a l\u00edngua nativa para estar mais pr\u00f3xima ao povo.<\/p>\n<p>Em 1974, foi eleita Conselheira Geral pelo Cap\u00edtulo Geral. De 1974 a 1986 foi respons\u00e1vel pelas miss\u00f5es, acompanhando seu desenvolvimento da Casa M\u00e3e em Roma e por meio de visitas <em>in loco<\/em>. De 1986 a 1993, continuou morando na Casa M\u00e3e e trabalhando, principalmente, na recep\u00e7\u00e3o. Quando retornou a M\u00fclhausen, assumiu a responsabilidade pela sala de costura da Casa Provincial.<\/p>\n<p>Desde 2011 morava no Haus Salus onde gostava de participar de todas as programa\u00e7\u00f5es. Apesar das muitas restri\u00e7\u00f5es de sa\u00fade, manteve sua alegria de viver e seu bom humor at\u00e9 o fim. Ela apreciava cada dia como um presente, era cordial com as enfermeiras e coirm\u00e3s e grata por todas as manifesta\u00e7\u00f5es de aten\u00e7\u00e3o que recebia.<\/p>\n<p>Nos \u00faltimos meses, por repetidas vezes, enfrentou fases dif\u00edceis, as quais descrevia como \u201condas\u201d. Muito realisticamente aceitou que era chegada a hora da despedida, mas ainda planejou a celebra\u00e7\u00e3o do seu anivers\u00e1rio de 90 anos, festa que celebrou com sua fam\u00edlia no Haus Salus.<\/p>\n<p>As enfermeiras gostavam de cuidar da Irm\u00e3 M. Lutharde porque era descomplicada, bem-humorada e corajosa. N\u00e3o reclamava e expressava claramente o que era bom para ela. Sua resposta sempre era &#8220;tudo bem&#8221;. Essa foi tamb\u00e9m a \u00faltima express\u00e3o na noite anterior \u00e0 sua morte, a qual foi uma surpresa para todas n\u00f3s mas, temos a certeza de que agora est\u00e1 \u201ctudo bem\u201d para ela!<\/p>\n","protected":false},"excerpt":{"rendered":"<p>Prov\u00edncia Maria Regina<br \/>\nCoesfeld, Alemanha<br \/>\n04 de setembro, 2019<\/p>\n","protected":false},"author":8,"featured_media":89545,"comment_status":"closed","ping_status":"closed","sticky":false,"template":"","format":"standard","meta":{"colormag_page_container_layout":"default_layout","colormag_page_sidebar_layout":"default_layout","footnotes":""},"categories":[284],"tags":[],"class_list":["post-89543","post","type-post","status-publish","format-standard","has-post-thumbnail","hentry","category-noticia-de-morte2-2"],"_links":{"self":[{"href":"https:\/\/snd1.org\/pt-pt\/wp-json\/wp\/v2\/posts\/89543","targetHints":{"allow":["GET"]}}],"collection":[{"href":"https:\/\/snd1.org\/pt-pt\/wp-json\/wp\/v2\/posts"}],"about":[{"href":"https:\/\/snd1.org\/pt-pt\/wp-json\/wp\/v2\/types\/post"}],"author":[{"embeddable":true,"href":"https:\/\/snd1.org\/pt-pt\/wp-json\/wp\/v2\/users\/8"}],"replies":[{"embeddable":true,"href":"https:\/\/snd1.org\/pt-pt\/wp-json\/wp\/v2\/comments?post=89543"}],"version-history":[{"count":1,"href":"https:\/\/snd1.org\/pt-pt\/wp-json\/wp\/v2\/posts\/89543\/revisions"}],"predecessor-version":[{"id":106798,"href":"https:\/\/snd1.org\/pt-pt\/wp-json\/wp\/v2\/posts\/89543\/revisions\/106798"}],"wp:featuredmedia":[{"embeddable":true,"href":"https:\/\/snd1.org\/pt-pt\/wp-json\/wp\/v2\/media\/89545"}],"wp:attachment":[{"href":"https:\/\/snd1.org\/pt-pt\/wp-json\/wp\/v2\/media?parent=89543"}],"wp:term":[{"taxonomy":"category","embeddable":true,"href":"https:\/\/snd1.org\/pt-pt\/wp-json\/wp\/v2\/categories?post=89543"},{"taxonomy":"post_tag","embeddable":true,"href":"https:\/\/snd1.org\/pt-pt\/wp-json\/wp\/v2\/tags?post=89543"}],"curies":[{"name":"wp","href":"https:\/\/api.w.org\/{rel}","templated":true}]}}