{"id":88057,"date":"2018-08-04T09:16:03","date_gmt":"2018-08-04T09:16:03","guid":{"rendered":"https:\/\/snd1.org\/31-de-julho-uma-data-importante-para-a-casa-mae\/"},"modified":"2024-05-27T10:23:55","modified_gmt":"2024-05-27T10:23:55","slug":"31-de-julho-uma-data-importante-para-a-casa-mae","status":"publish","type":"post","link":"https:\/\/snd1.org\/pt-pt\/noticia-de-morte2-2\/31-de-julho-uma-data-importante-para-a-casa-mae\/","title":{"rendered":"31 de julho &#8211; uma data importante para a Casa M\u00e3e!"},"content":{"rendered":"<p><a href=\"https:\/\/snd1.org\/wp-content\/uploads\/2018\/08\/180804_July31CMcornerstone-1.jpg\"><img fetchpriority=\"high\" decoding=\"async\" class=\"alignleft size-full wp-image-21816\" src=\"https:\/\/snd1.org\/wp-content\/uploads\/2018\/08\/180804_July31CMcornerstone-1.jpg\" alt=\"\" width=\"2193\" height=\"1460\" srcset=\"https:\/\/snd1.org\/wp-content\/uploads\/2018\/08\/180804_July31CMcornerstone-1.jpg 2193w, https:\/\/snd1.org\/wp-content\/uploads\/2018\/08\/180804_July31CMcornerstone-1-350x233.jpg 350w, https:\/\/snd1.org\/wp-content\/uploads\/2018\/08\/180804_July31CMcornerstone-1-768x511.jpg 768w, https:\/\/snd1.org\/wp-content\/uploads\/2018\/08\/180804_July31CMcornerstone-1-1024x682.jpg 1024w\" sizes=\"(max-width: 2193px) 100vw, 2193px\" \/><\/a><\/p>\n<p><a href=\"https:\/\/snd1.org\/wp-content\/uploads\/2018\/08\/snd1CornerstonearticleP.pdf\"><i class=\"fa fa-download\"><\/i>PDF Download<\/a><\/p>\n<p>Voc\u00ea reconhece a casa acima? Sim, esta \u00e9 uma foto da nossa Casa M\u00e3e e Generalato na Via della Camilluccia, em Roma, logo ap\u00f3s as irm\u00e3s terem se mudado para c\u00e1! Em 31 de julho de 1948, ap\u00f3s a compra da propriedade, uma pedra fundamental foi colocada nas profundezas da terra, onde se ergueria uma constru\u00e7\u00e3o para abrigar nossa primeira capela, refeit\u00f3rio e algumas outras salas. As irm\u00e3s da Comunidade da Casa M\u00e3e celebraram o 70th Anivers\u00e1rio deste evento. No dia 30 de julho, come\u00e7ando na hora do jantar, em cada refei\u00e7\u00e3o tivemos \u201cleitura \u00e0 mesa\u201d de uma carta que a Madre Maria Vera escreveu \u00e0 todas as irm\u00e3s em 1 de agosto de 1948. Nessa carta, ela descreve detalhadamente a coloca\u00e7\u00e3o da pedra fundamental, nomeando os convidados e partilhando os textos dos documentos que foram inseridos na pedra antes de ser selada e enterrada no ch\u00e3o. Com isso, reconstitu\u00edmos um texto para ora\u00e7\u00e3o com base naquela que havia sido realizada em 1948. Com muita gratid\u00e3o, lembramos de todos os que tornaram poss\u00edvel o estabelecimento da Casa M\u00e3e, em Roma, e tamb\u00e9m de todas as irm\u00e3s que j\u00e1 viveram aqui desde ent\u00e3o, bem como nossos colaboradores, amigos e benfeitores. Os arquivos forneceram algumas fotos para nos ajudar a visualizar o evento. O dia terminou com um <em>quiz<\/em> sobre fatos interessantes relacionados ao passado e ao presente da Casa M\u00e3e e suas habitantes. Para coroar o evento, nos deleitamos tomando sorvete.<\/p>\n<p>Este link\u00a0<a href=\"https:\/\/snd1.org\/wp-content\/uploads\/2018\/08\/VERAAUGUST1948-P.pdf\">vai<\/a> lev\u00e1-la \u00e0 carta escrita por Madre Maria Vera e a algumas das fotos de 1948. Na \u00faltima foto, preste aten\u00e7\u00e3o na caixa sendo baixada na terra!<\/p>\n","protected":false},"excerpt":{"rendered":"<p>PDF Download Voc\u00ea reconhece a casa acima? Sim, esta \u00e9 uma foto da nossa Casa M\u00e3e e Generalato na Via<\/p>\n","protected":false},"author":8,"featured_media":88060,"comment_status":"closed","ping_status":"closed","sticky":false,"template":"","format":"standard","meta":{"colormag_page_container_layout":"default_layout","colormag_page_sidebar_layout":"default_layout","footnotes":""},"categories":[284],"tags":[],"class_list":["post-88057","post","type-post","status-publish","format-standard","has-post-thumbnail","hentry","category-noticia-de-morte2-2"],"_links":{"self":[{"href":"https:\/\/snd1.org\/pt-pt\/wp-json\/wp\/v2\/posts\/88057","targetHints":{"allow":["GET"]}}],"collection":[{"href":"https:\/\/snd1.org\/pt-pt\/wp-json\/wp\/v2\/posts"}],"about":[{"href":"https:\/\/snd1.org\/pt-pt\/wp-json\/wp\/v2\/types\/post"}],"author":[{"embeddable":true,"href":"https:\/\/snd1.org\/pt-pt\/wp-json\/wp\/v2\/users\/8"}],"replies":[{"embeddable":true,"href":"https:\/\/snd1.org\/pt-pt\/wp-json\/wp\/v2\/comments?post=88057"}],"version-history":[{"count":1,"href":"https:\/\/snd1.org\/pt-pt\/wp-json\/wp\/v2\/posts\/88057\/revisions"}],"predecessor-version":[{"id":101104,"href":"https:\/\/snd1.org\/pt-pt\/wp-json\/wp\/v2\/posts\/88057\/revisions\/101104"}],"wp:featuredmedia":[{"embeddable":true,"href":"https:\/\/snd1.org\/pt-pt\/wp-json\/wp\/v2\/media\/88060"}],"wp:attachment":[{"href":"https:\/\/snd1.org\/pt-pt\/wp-json\/wp\/v2\/media?parent=88057"}],"wp:term":[{"taxonomy":"category","embeddable":true,"href":"https:\/\/snd1.org\/pt-pt\/wp-json\/wp\/v2\/categories?post=88057"},{"taxonomy":"post_tag","embeddable":true,"href":"https:\/\/snd1.org\/pt-pt\/wp-json\/wp\/v2\/tags?post=88057"}],"curies":[{"name":"wp","href":"https:\/\/api.w.org\/{rel}","templated":true}]}}