{"id":83238,"date":"2016-08-04T15:47:59","date_gmt":"2016-08-04T15:47:59","guid":{"rendered":"https:\/\/snd1.org\/irma-maria-valeria\/"},"modified":"2024-07-06T05:28:44","modified_gmt":"2024-07-06T05:28:44","slug":"irma-maria-valeria","status":"publish","type":"post","link":"https:\/\/snd1.org\/pt-pt\/noticia-de-morte2-2\/irma-maria-valeria\/","title":{"rendered":"Irm\u00e3 Maria Valeria"},"content":{"rendered":"<p><strong>Irm\u00e3 Maria Valeria<\/strong>\u00a0\u00a0\u00a0\u00a0\u00a0\u00a0\u00a0\u00a0\u00a0\u00a0\u00a0\u00a0\u00a0\u00a0\u00a0\u00a0\u00a0 ND 3950 \u00a0 \u00a0 \u00a0 \u00a0 \u00a0 \u00a0 \u00a0 \u00a0 \u00a0 \u00a0 \u00a0 \u00a0 \u00a0\u00a0<a href=\"https:\/\/snd1.org\/wp-content\/uploads\/2016\/08\/ValeriaP.pdf\"><i class=\"fa fa-download\"><\/i> PDF Download<\/a><br \/>\nMaria Valeria Rauber<\/p>\n<p>Prov\u00edncia Nossa Senhora Aparecida, Canoas, RS \u2013 Brasil<\/p>\n<p>Data e lugar de nascimento:\u00a0\u00a0 12 de novembro de 1921 Montenegro, RS<br \/>\nData e lugar da profiss\u00e3o:\u00a0\u00a0\u00a0\u00a0 23 de fevereiro de 1943\u00a0\u00a0 Passo Fundo, RS<br \/>\nData e lugar da morte:\u00a0\u00a0\u00a0\u00a0\u00a0\u00a0\u00a0\u00a0\u00a0\u00a0\u00a0\u00a0 04 de agosto de 2016\u00a0\u00a0\u00a0 Recanto Aparecida, Canoas, RS<br \/>\nData e lugar do sepultamento: \u00a0\u00a0 \u00a005 de agosto de 2016\u00a0\u00a0\u00a0 Cemit\u00e9rio Conventual, Canoas, RS<\/p>\n<p><strong>\u00a0\u201c<em>Vinde a mim<\/em>,\u00a0<em>todos os que estais cansados<\/em>\u00a0e oprimidos,<br \/>\n<\/strong><strong>e eu vos aliviarei.\u00a0Mt 11,28<\/strong><\/p>\n<p><a href=\"https:\/\/snd1.org\/wp-content\/uploads\/2016\/08\/Valeria.jpg\"><img fetchpriority=\"high\" decoding=\"async\" class=\"alignleft wp-image-16835\" src=\"https:\/\/snd1.org\/wp-content\/uploads\/2016\/08\/Valeria.jpg\" alt=\"Valeria\" width=\"208\" height=\"310\" srcset=\"https:\/\/snd1.org\/wp-content\/uploads\/2016\/08\/Valeria.jpg 237w, https:\/\/snd1.org\/wp-content\/uploads\/2016\/08\/Valeria-235x350.jpg 235w, https:\/\/snd1.org\/wp-content\/uploads\/2016\/08\/Valeria-100x150.jpg 100w\" sizes=\"(max-width: 208px) 100vw, 208px\" \/><\/a>Estas palavras de S\u00e3o Mateus se confirmaram na vida da Irm\u00e3 Maria Valeria, chamada a receber a recompensa pelo fiel cumprimento de sua miss\u00e3o, como Irm\u00e3 de Nossa Senhora.<\/p>\n<p>O convite de Jesus \u201cvinde a mim\u201d soou aos ouvidos da Irm\u00e3 Maria Valeria na manh\u00e3 do dia 04 de agosto de 2016. O cora\u00e7\u00e3o misericordioso e bondoso de Deus Pai acompanhou com certeza seus longos anos de sofrimento.<\/p>\n<p>Filha de agricultores que retiravam da terra o sustento da fam\u00edlia, Maria Valeria \u00e9 a 10\u00aa dos 17 filhos do casal senhor Leonardo Rauber e de dona Augusta Selbach. Deus agraciou a fam\u00edlia Rauber com duas filhas religiosas na Congrega\u00e7\u00e3o das Irm\u00e3s de Nossa Senhora, Maria Valeria e Maria Hilga (Irm\u00e3 Maria Giselda, falecida em 28 de janeiro de 2004).<\/p>\n<p>No segundo ano do noviciado, em 1942, Irm\u00e3 Maria Valeria iniciou sua miss\u00e3o no cuidado de doentes. A Irm\u00e3 dedicou-se \u00e0 enfermagem at\u00e9 1972. Deixando o trabalho em hospitais devido \u00e0 problemas de sa\u00fade, veio \u00e0 comunidade da Casa Provincial para tratamento. De 1973 at\u00e9 1991 integrou ainda algumas comunidades onde se dedicou com habilidade a trabalhos manuais. Alguns anos trabalhou como professora e outros ajudou na costura e na confec\u00e7\u00e3o de lindas rendas de frivolit\u00e9 para altares de capelas.<\/p>\n<p>Em 1991 foi transferida para o Recanto Aparecida, pois sua sa\u00fade, f\u00edsica e mental exigiam maiores cuidados. Durante estes anos a cruz da solid\u00e3o foi sua companheira. Em Os\u00e9ias, 2,14 lemos: \u201cEu a levarei ao deserto e lhe falarei ao cora\u00e7\u00e3o.\u201d Acreditamos que nos quase 20 anos de solid\u00e3o que permaneceu acamada foram tempos de purifica\u00e7\u00e3o e de proximidade com o Deus da vida.<\/p>\n<p>A devo\u00e7\u00e3o mariana era muito presente em sua vida, expresso atrav\u00e9s de cantos e da imagem de Nossa Senhora que tinha espa\u00e7o privilegiado em seu quarto.<\/p>\n<p>No longo per\u00edodo de doen\u00e7a, a Irm\u00e3 Maria Valeria recebeu toda dedica\u00e7\u00e3o e carinho das coirm\u00e3s, e das profissionais de enfermagem do Recanto Aparecida.<\/p>\n<p>Arraigadas na f\u00e9 que sustentou a caminhada da Irm\u00e3 Maria Valeria, cremos que ela ser\u00e1 nossa intercessora junto ao bom Deus.<\/p>\n","protected":false},"excerpt":{"rendered":"<p>Prov\u00edncia Nossa Senhora Aparecida<br \/>\nCanoas, RS \u2013 Brasil<br \/>\n04 de agosto de 2016<\/p>\n","protected":false},"author":4,"featured_media":83239,"comment_status":"closed","ping_status":"closed","sticky":false,"template":"","format":"standard","meta":{"colormag_page_container_layout":"default_layout","colormag_page_sidebar_layout":"default_layout","footnotes":""},"categories":[284],"tags":[],"class_list":["post-83238","post","type-post","status-publish","format-standard","has-post-thumbnail","hentry","category-noticia-de-morte2-2"],"_links":{"self":[{"href":"https:\/\/snd1.org\/pt-pt\/wp-json\/wp\/v2\/posts\/83238","targetHints":{"allow":["GET"]}}],"collection":[{"href":"https:\/\/snd1.org\/pt-pt\/wp-json\/wp\/v2\/posts"}],"about":[{"href":"https:\/\/snd1.org\/pt-pt\/wp-json\/wp\/v2\/types\/post"}],"author":[{"embeddable":true,"href":"https:\/\/snd1.org\/pt-pt\/wp-json\/wp\/v2\/users\/4"}],"replies":[{"embeddable":true,"href":"https:\/\/snd1.org\/pt-pt\/wp-json\/wp\/v2\/comments?post=83238"}],"version-history":[{"count":1,"href":"https:\/\/snd1.org\/pt-pt\/wp-json\/wp\/v2\/posts\/83238\/revisions"}],"predecessor-version":[{"id":106915,"href":"https:\/\/snd1.org\/pt-pt\/wp-json\/wp\/v2\/posts\/83238\/revisions\/106915"}],"wp:featuredmedia":[{"embeddable":true,"href":"https:\/\/snd1.org\/pt-pt\/wp-json\/wp\/v2\/media\/83239"}],"wp:attachment":[{"href":"https:\/\/snd1.org\/pt-pt\/wp-json\/wp\/v2\/media?parent=83238"}],"wp:term":[{"taxonomy":"category","embeddable":true,"href":"https:\/\/snd1.org\/pt-pt\/wp-json\/wp\/v2\/categories?post=83238"},{"taxonomy":"post_tag","embeddable":true,"href":"https:\/\/snd1.org\/pt-pt\/wp-json\/wp\/v2\/tags?post=83238"}],"curies":[{"name":"wp","href":"https:\/\/api.w.org\/{rel}","templated":true}]}}