{"id":81559,"date":"2015-12-02T16:27:17","date_gmt":"2015-12-02T16:27:17","guid":{"rendered":"https:\/\/snd1.org\/programa-de-renovacao-espiritual-na-provincia-regina-pacis-coreia-do-sul\/"},"modified":"2024-05-27T12:16:05","modified_gmt":"2024-05-27T12:16:05","slug":"programa-de-renovacao-espiritual-na-provincia-regina-pacis-coreia-do-sul","status":"publish","type":"post","link":"https:\/\/snd1.org\/pt-pt\/noticias-atuais\/programa-de-renovacao-espiritual-na-provincia-regina-pacis-coreia-do-sul\/","title":{"rendered":"Programa de Renova\u00e7\u00e3o Espiritual na Prov\u00edncia Regina Pacis, Coreia do Sul"},"content":{"rendered":"<p><a href=\"https:\/\/snd1.org\/wp-content\/uploads\/2015\/12\/20151130_Incheon_Renewal.jpg\"><img fetchpriority=\"high\" decoding=\"async\" class=\"size-full wp-image-14681 aligncenter\" src=\"https:\/\/snd1.org\/wp-content\/uploads\/2015\/12\/20151130_Incheon_Renewal.jpg\" alt=\"20151130_Incheon_Renewal\" width=\"840\" height=\"440\" srcset=\"https:\/\/snd1.org\/wp-content\/uploads\/2015\/12\/20151130_Incheon_Renewal.jpg 840w, https:\/\/snd1.org\/wp-content\/uploads\/2015\/12\/20151130_Incheon_Renewal-350x183.jpg 350w\" sizes=\"(max-width: 840px) 100vw, 840px\" \/><\/a><\/p>\n<p><a href=\"https:\/\/snd1.org\/wp-content\/uploads\/2015\/12\/Renov.-Espiritual-Cor\u00e9ia.pdf\"><i class=\"fa fa-download\"><\/i> PDF Download<\/a><\/p>\n<p>Todos os membros da Prov\u00edncia fizeram o Programa de Renova\u00e7\u00e3o Espiritual, em 8 grupos, no convento dos Olivetano Beneditino em Goseong de 2015 a 2016.<\/p>\n<p>Em prepata\u00e7\u00e3o do 50\u00ba anivers\u00e1rio da presen\u00e7a ND na Coreia, as irm\u00e3s tiveram as preciosas 4 semanas para refletir profundamente nossa espiritualidade na natureza, deixando as tarefas de lado por um momento.<\/p>\n<p>Olhando para os 50 anos de Hist\u00f3ria da Prov\u00edncia, n\u00f3s, que fomos chamadas a encarnar o amor do bom e providente Deus, estamos partilhando nossas experi\u00eancias de vida pessoal e comunit\u00e1ria e voltando \u00e0 nossa heran\u00e7a Notre Dame.<\/p>\n<p>Somos gratas \u00e0s comunidades que trabalham conosco pelo apoio, para que pud\u00e9ssemos imergir-nos na caminhada espiritual. Agradecemos tamb\u00e9m a Deus e \u00e0 Congrega\u00e7\u00e3o por esta oportunidade de renovar nossa identidade como Irm\u00e3s de Notre Dame, religiosas apost\u00f3licas ativas, bem como descobrir os valores pessoais uma da outra.<\/p>\n<p>O Esp\u00edrito Notre Dame de alegre simplicidade deu-nos nova energia no ambiente da fam\u00edlia beneditina olivetana. Em gratid\u00e3o a todas as irm\u00e3os que fizeram tudo para que nos sent\u00edssemos bem, convidamos algumas delas para virem a Casa Provincial. Tivemos um tempo maravilhoso levando-as para uma tour ao centro hist\u00f3rico de reabilita\u00e7\u00e3o e em t\u00ea-las conosco na ora\u00e7\u00e3o comunit\u00e1ria, na missa e numa refei\u00e7\u00e3o comum.<\/p>\n","protected":false},"excerpt":{"rendered":"<p>Todos os membros da Prov\u00edncia fizeram o Programa de Renova\u00e7\u00e3o Espiritual, em 8 grupos, no convento dos Olivetano Beneditino em Goseong de &#8230;<\/p>\n","protected":false},"author":4,"featured_media":81561,"comment_status":"closed","ping_status":"closed","sticky":false,"template":"","format":"standard","meta":{"colormag_page_container_layout":"default_layout","colormag_page_sidebar_layout":"default_layout","footnotes":""},"categories":[296],"tags":[],"class_list":["post-81559","post","type-post","status-publish","format-standard","has-post-thumbnail","hentry","category-noticias-atuais"],"_links":{"self":[{"href":"https:\/\/snd1.org\/pt-pt\/wp-json\/wp\/v2\/posts\/81559","targetHints":{"allow":["GET"]}}],"collection":[{"href":"https:\/\/snd1.org\/pt-pt\/wp-json\/wp\/v2\/posts"}],"about":[{"href":"https:\/\/snd1.org\/pt-pt\/wp-json\/wp\/v2\/types\/post"}],"author":[{"embeddable":true,"href":"https:\/\/snd1.org\/pt-pt\/wp-json\/wp\/v2\/users\/4"}],"replies":[{"embeddable":true,"href":"https:\/\/snd1.org\/pt-pt\/wp-json\/wp\/v2\/comments?post=81559"}],"version-history":[{"count":1,"href":"https:\/\/snd1.org\/pt-pt\/wp-json\/wp\/v2\/posts\/81559\/revisions"}],"predecessor-version":[{"id":101307,"href":"https:\/\/snd1.org\/pt-pt\/wp-json\/wp\/v2\/posts\/81559\/revisions\/101307"}],"wp:featuredmedia":[{"embeddable":true,"href":"https:\/\/snd1.org\/pt-pt\/wp-json\/wp\/v2\/media\/81561"}],"wp:attachment":[{"href":"https:\/\/snd1.org\/pt-pt\/wp-json\/wp\/v2\/media?parent=81559"}],"wp:term":[{"taxonomy":"category","embeddable":true,"href":"https:\/\/snd1.org\/pt-pt\/wp-json\/wp\/v2\/categories?post=81559"},{"taxonomy":"post_tag","embeddable":true,"href":"https:\/\/snd1.org\/pt-pt\/wp-json\/wp\/v2\/tags?post=81559"}],"curies":[{"name":"wp","href":"https:\/\/api.w.org\/{rel}","templated":true}]}}