{"id":80297,"date":"2015-05-11T09:52:59","date_gmt":"2015-05-11T09:52:59","guid":{"rendered":"https:\/\/snd1.org\/irma-maria-lucien\/"},"modified":"2024-07-06T05:33:07","modified_gmt":"2024-07-06T05:33:07","slug":"irma-maria-lucien","status":"publish","type":"post","link":"https:\/\/snd1.org\/pt-pt\/noticia-de-morte2-2\/irma-maria-lucien\/","title":{"rendered":"Irm\u00e3 Maria Lucien"},"content":{"rendered":"<p><strong><a href=\"https:\/\/snd1.org\/wp-content\/uploads\/2015\/05\/Lucien_w400.jpg\"><img decoding=\"async\" class=\"alignright  wp-image-13061\" src=\"https:\/\/snd1.org\/wp-content\/uploads\/2015\/05\/Lucien_w400.jpg\" alt=\"Lucien_w400\" width=\"223\" height=\"182\" srcset=\"https:\/\/snd1.org\/wp-content\/uploads\/2015\/05\/Lucien_w400.jpg 400w, https:\/\/snd1.org\/wp-content\/uploads\/2015\/05\/Lucien_w400-150x123.jpg 150w, https:\/\/snd1.org\/wp-content\/uploads\/2015\/05\/Lucien_w400-300x245.jpg 300w\" sizes=\"(max-width: 223px) 100vw, 223px\" \/><\/a>Irm\u00e3 \u00a0Maria \u00a0Lucien<\/strong><strong> \u00a0\u00a0\u00a0\u00a0 <\/strong>ND 4322 \u00a0 \u00a0 \u00a0 \u00a0 \u00a0 \u00a0 \u00a0 \u00a0 \u00a0\u00a0<a href=\"https:\/\/snd1.org\/wp-content\/uploads\/2015\/05\/Lucien-P.pdf\">\u21d2 PDF Download<\/a><br \/>\nIda Johanna Maria Freriks<\/p>\n<p>Delega\u00e7\u00e3o Maria Virginum, Tegelen, Pa\u00edses Baixos<\/p>\n<p>Data e Lugar do Nascimento:\u00a0\u00a014 de dezembro de 1923\u00a0\u00a0\u00a0 Arnhem, Pa\u00edses Baixos<br \/>\nData e Lugar da Profiss\u00e3o:\u00a0\u00a0\u00a003 de janeiro de 1953\u00a0\u00a0\u00a0\u00a0\u00a0Tegelen, Paises Baixos<br \/>\nData e Lugar da Morte:\u00a0\u00a0\u00a0\u00a0\u00a0\u00a0\u00a011 de maio de 2015\u00a0\u00a0\u00a0\u00a0\u00a0\u00a0\u00a0\u00a0Tegelen, Pa\u00edses Baixos<br \/>\nData e Lugar do Funeral:\u00a0\u00a0\u00a0\u00a0\u00a015 de maio de 2015\u00a0\u00a0\u00a0\u00a0\u00a0\u00a0\u00a0\u00a0Tegelen, Pa\u00edses Baixos<\/p>\n<p>Tu n\u00e3o est\u00e1s morta \u2013 o Senhor te chamou a viver com Ele em sua Casa,<br \/>\nTu n\u00e3o precisas mais procurar repouso e paz, tu os encontraste agora \u2013<br \/>\nTu est\u00e1s salva\/segura em casa.<\/p>\n<p>A passagem de Irm\u00e3 Maria Lucien n\u00e3o significa morte para n\u00f3s, por\u00e9m vida. Morrer \u00e9 semear para que cres\u00e7a numa vida nova e eterna.<\/p>\n<p>Irm\u00e3 Maria Lucien cresceu numa fam\u00edlia acolhedora e religiosa. Seus pais tiveram sete filhos. Ela era a terceira entre eles. Dois de seus irm\u00e3os faleceram muito cedo &#8211; como crian\u00e7as. Como jovem, a irm\u00e3 trabalhou em fam\u00edlias, ajudava em tudo para que as m\u00e3es pudessem ter um descanso. Na idade de 27 anos, disse a seus pais que, como um de seus irm\u00e3os, desejava seguir a vida religiosa. Um irm\u00e3o j\u00e1 tinha iniciado uma fam\u00edlia, outro j\u00e1 era sacerdote. Ela gostaria de ingressar nas Irm\u00e3s de Notre Dame,em Tegelen.<\/p>\n<p>Logo depois de sua profiss\u00e3o ficou muito decepcionada. Caiu e teve de submeter-se a uma grande cirurgia. Ap\u00f3s a cirurgia, necessitou de um longo tempo para se recuperar o que foi muito dif\u00edcil para a Irm\u00e3. Somente depois dos votos perp\u00e9tuos, pode assumir pequenas tarefas. Por 26 anos, estava encarregada de diferentes grupos de crian\u00e7as, no Lar para crian\u00e7as, em Amsterdam e no internato, em Tegelen, e o fez de todo o seu cora\u00e7\u00e3o. Ela amava realmente as crian\u00e7as tendo em mente o lema de Madre J\u00falia: \u201cOh, quanto \u00e9 bom, o bom Deus\u201d! Desejava revel\u00e1-lo por sua vida.<\/p>\n<p>Depois de se aposentar, ela ainda fazia pequenos servi\u00e7os em diversas casas \u2013 Weert, Venlo, Herpen e Tegelen, onde deu o melhor de si para a comunidade, sendo muito precisa e meticulosa. No dia 11 de maio, bem cedo de manh\u00e3, o Senhor a chamou para Sua casa onde pode viver agora com toda a seguran\u00e7a.<\/p>\n<p>Que descanse em paz, ap\u00f3s a sua longa e bem aproveitada vida!<\/p>\n","protected":false},"excerpt":{"rendered":"<p>Delega\u00e7\u00e3o Maria Virginum<br \/>\nTegelen, Pa\u00edses Baixos<br \/>\n11 de maio de 2015 <\/p>\n","protected":false},"author":4,"featured_media":80298,"comment_status":"closed","ping_status":"closed","sticky":false,"template":"","format":"standard","meta":{"colormag_page_container_layout":"default_layout","colormag_page_sidebar_layout":"default_layout","footnotes":""},"categories":[284],"tags":[],"class_list":["post-80297","post","type-post","status-publish","format-standard","has-post-thumbnail","hentry","category-noticia-de-morte2-2"],"_links":{"self":[{"href":"https:\/\/snd1.org\/pt-pt\/wp-json\/wp\/v2\/posts\/80297","targetHints":{"allow":["GET"]}}],"collection":[{"href":"https:\/\/snd1.org\/pt-pt\/wp-json\/wp\/v2\/posts"}],"about":[{"href":"https:\/\/snd1.org\/pt-pt\/wp-json\/wp\/v2\/types\/post"}],"author":[{"embeddable":true,"href":"https:\/\/snd1.org\/pt-pt\/wp-json\/wp\/v2\/users\/4"}],"replies":[{"embeddable":true,"href":"https:\/\/snd1.org\/pt-pt\/wp-json\/wp\/v2\/comments?post=80297"}],"version-history":[{"count":1,"href":"https:\/\/snd1.org\/pt-pt\/wp-json\/wp\/v2\/posts\/80297\/revisions"}],"predecessor-version":[{"id":106984,"href":"https:\/\/snd1.org\/pt-pt\/wp-json\/wp\/v2\/posts\/80297\/revisions\/106984"}],"wp:featuredmedia":[{"embeddable":true,"href":"https:\/\/snd1.org\/pt-pt\/wp-json\/wp\/v2\/media\/80298"}],"wp:attachment":[{"href":"https:\/\/snd1.org\/pt-pt\/wp-json\/wp\/v2\/media?parent=80297"}],"wp:term":[{"taxonomy":"category","embeddable":true,"href":"https:\/\/snd1.org\/pt-pt\/wp-json\/wp\/v2\/categories?post=80297"},{"taxonomy":"post_tag","embeddable":true,"href":"https:\/\/snd1.org\/pt-pt\/wp-json\/wp\/v2\/tags?post=80297"}],"curies":[{"name":"wp","href":"https:\/\/api.w.org\/{rel}","templated":true}]}}