{"id":76442,"date":"2013-11-19T07:19:51","date_gmt":"2013-11-19T07:19:51","guid":{"rendered":"https:\/\/snd1.org\/apresentacoes-de-irma-teresita-weind-e-irma-patricia-murray\/"},"modified":"2024-05-27T12:28:27","modified_gmt":"2024-05-27T12:28:27","slug":"apresentacoes-de-irma-teresita-weind-e-irma-patricia-murray","status":"publish","type":"post","link":"https:\/\/snd1.org\/pt-pt\/noticias-atuais\/apresentacoes-de-irma-teresita-weind-e-irma-patricia-murray\/","title":{"rendered":"Apresenta\u00e7\u00f5es de Irm\u00e3 Teresita Weind e Irm\u00e3 Patricia Murray"},"content":{"rendered":"<p><a href=\"https:\/\/snd1.org\/wp-content\/uploads\/2013\/11\/Sr.-Teresita-3_w300.jpg\"><img decoding=\"async\" class=\"alignleft  wp-image-8595\" alt=\"Sr.-Teresita-(3)_w300\" src=\"https:\/\/snd1.org\/wp-content\/uploads\/2013\/11\/Sr.-Teresita-3_w300.jpg\" width=\"180\" height=\"240\" srcset=\"https:\/\/snd1.org\/wp-content\/uploads\/2013\/11\/Sr.-Teresita-3_w300.jpg 300w, https:\/\/snd1.org\/wp-content\/uploads\/2013\/11\/Sr.-Teresita-3_w300-112x150.jpg 112w, https:\/\/snd1.org\/wp-content\/uploads\/2013\/11\/Sr.-Teresita-3_w300-225x300.jpg 225w\" sizes=\"(max-width: 180px) 100vw, 180px\" \/><\/a>Irm\u00e3 Teresita Weind, SNDdeNamur. L\u00edder Congregacional das Irm\u00e3s de Notre Dame de\u00a0Namur passou o dia 16 de novembro com as participantes da Confer\u00eancia de Forma\u00e7\u00e3o. O \u00a0tema do dia era Ora\u00e7\u00e3o como Religiosa Apost\u00f3lica Ativa. Ir. Teresita \u00a0\u201cbroke open\u201d o sentido de \u201cExtase na A\u00e7\u00e3o\u201d \u2013 um termo criado por Ir. Mary Linscott em seu livro A Quarta Essencial. Olhamos para a comunidade como miss\u00e3o e miss\u00e3o e minist\u00e9rio (servi\u00e7o) tudo sob a lente de \u201cExtase na A\u00e7\u00e3o\u201d. As seguintes s\u00e3o algumas das respostas \u00e0 apresenta\u00e7\u00e3o de Teresita:<\/p>\n<p>\u201cAs palavras de Irm\u00e3 Teresita tocaram meu cora\u00e7\u00e3o e me ajudaram a experimentar \u00a0a\u00a0bondade de Deus de uma maneira especial. A Irm\u00e3 partilhou como o amor incondicional\u00a0de Deus vem a n\u00f3s pelo amor de outrem e o equil\u00edbrio entre ora\u00e7\u00e3o e a\u00e7\u00e3o \u00e9 a maneira de\u00a0responder a este amor. Como Irm\u00e3s de Nossa Senhora nossa vida deveria transbordar da\u00a0bondade de Deus.\u201d<\/p>\n<p>\u201cA Irm\u00e3 foi atraente, inspiradora e iluminadora.\u201d<\/p>\n<p><a href=\"https:\/\/snd1.org\/wp-content\/uploads\/2013\/11\/Sr.-Pat-1_w300.jpg\"><img fetchpriority=\"high\" decoding=\"async\" class=\"alignright size-full wp-image-8596\" alt=\"Sr.-Pat-(1)_w300\" src=\"https:\/\/snd1.org\/wp-content\/uploads\/2013\/11\/Sr.-Pat-1_w300.jpg\" width=\"300\" height=\"400\" srcset=\"https:\/\/snd1.org\/wp-content\/uploads\/2013\/11\/Sr.-Pat-1_w300.jpg 300w, https:\/\/snd1.org\/wp-content\/uploads\/2013\/11\/Sr.-Pat-1_w300-112x150.jpg 112w, https:\/\/snd1.org\/wp-content\/uploads\/2013\/11\/Sr.-Pat-1_w300-225x300.jpg 225w\" sizes=\"(max-width: 300px) 100vw, 300px\" \/><\/a>No dia 17 de novembro, Irm\u00e3 Patricia Murray, Diretora da UISG (Uni\u00e3o das Superioras Gerais) do Projeto do Sul de Sud\u00e3o, falou \u00e0s formadoras sobre a Comunidade Multi-Cultural. A Irm\u00e3 partilhou o sentido de cultura como o \u201car\u201d que respiramos, colocando \u00e1reas que ajudam na defini\u00e7\u00e3o das caracter\u00edsticas de culturas. As participantes partilharam a seguinte rea\u00e7\u00e3o da apresenta\u00e7\u00e3o da Irm\u00e3:<\/p>\n<p>\u201cEu apreciei o fato de a Irm\u00e3 Pat estar falando de sua pr\u00f3pria experi\u00eancia. Foi consolador\u00a0para mim aprender que \u00e9 um processo permanente para aprender uma outra cultura, um\u00a0processo jamais completo.\u201d<\/p>\n<p>\u201cA apresenta\u00e7\u00e3o \u00e9 uma \u201cmistura de teoria e pesquisa profissional com sua experi\u00eancia de\u00a0vida, como religiosa madura.\u201d<\/p>\n<p>\u201cSou grata que ela nos est\u00e1 dando n\u00e3o somente o que leu. Suas experi\u00eancias me tocaram.\u201d<\/p>\n<p>Para ver mais fotos, visite a se\u00e7\u00e3o reservada ou <a href=\"http:\/\/reserved.snd1.org\/pt\/conferences\/2013-international-formators-conference\/presentations-by-sister-teresita-wiend-and-sister-patricia-murray\/\" target=\"_blank\" rel=\"noopener\">clique aqui<\/a>.<\/p>\n","protected":false},"excerpt":{"rendered":"<p>Irm\u00e3 Teresita Wiend, SNDdeNamur. L\u00edder Congregacional das Irm\u00e3s de Notre Dame de Namur passou o dia 16 de novembro com as participantes da Confer\u00eancia &#8230;<\/p>\n","protected":false},"author":3,"featured_media":76443,"comment_status":"closed","ping_status":"closed","sticky":false,"template":"","format":"standard","meta":{"colormag_page_container_layout":"default_layout","colormag_page_sidebar_layout":"default_layout","footnotes":""},"categories":[296],"tags":[],"class_list":["post-76442","post","type-post","status-publish","format-standard","has-post-thumbnail","hentry","category-noticias-atuais"],"_links":{"self":[{"href":"https:\/\/snd1.org\/pt-pt\/wp-json\/wp\/v2\/posts\/76442","targetHints":{"allow":["GET"]}}],"collection":[{"href":"https:\/\/snd1.org\/pt-pt\/wp-json\/wp\/v2\/posts"}],"about":[{"href":"https:\/\/snd1.org\/pt-pt\/wp-json\/wp\/v2\/types\/post"}],"author":[{"embeddable":true,"href":"https:\/\/snd1.org\/pt-pt\/wp-json\/wp\/v2\/users\/3"}],"replies":[{"embeddable":true,"href":"https:\/\/snd1.org\/pt-pt\/wp-json\/wp\/v2\/comments?post=76442"}],"version-history":[{"count":1,"href":"https:\/\/snd1.org\/pt-pt\/wp-json\/wp\/v2\/posts\/76442\/revisions"}],"predecessor-version":[{"id":104094,"href":"https:\/\/snd1.org\/pt-pt\/wp-json\/wp\/v2\/posts\/76442\/revisions\/104094"}],"wp:featuredmedia":[{"embeddable":true,"href":"https:\/\/snd1.org\/pt-pt\/wp-json\/wp\/v2\/media\/76443"}],"wp:attachment":[{"href":"https:\/\/snd1.org\/pt-pt\/wp-json\/wp\/v2\/media?parent=76442"}],"wp:term":[{"taxonomy":"category","embeddable":true,"href":"https:\/\/snd1.org\/pt-pt\/wp-json\/wp\/v2\/categories?post=76442"},{"taxonomy":"post_tag","embeddable":true,"href":"https:\/\/snd1.org\/pt-pt\/wp-json\/wp\/v2\/tags?post=76442"}],"curies":[{"name":"wp","href":"https:\/\/api.w.org\/{rel}","templated":true}]}}