{"id":92549,"date":"2021-06-02T09:09:41","date_gmt":"2021-06-02T09:09:41","guid":{"rendered":"https:\/\/snd1.org\/schwester-maria-hildegardis\/"},"modified":"2024-07-05T10:06:29","modified_gmt":"2024-07-05T10:06:29","slug":"schwester-maria-hildegardis","status":"publish","type":"post","link":"https:\/\/snd1.org\/de\/todesnachricht\/schwester-maria-hildegardis\/","title":{"rendered":"Schwester Maria Hildegardis\u00a0"},"content":{"rendered":"<p><strong>Schwester Maria Hildegardis<\/strong><strong>\u00a0 \u00a0 \u00a0 \u00a0 \u00a0 \u00a0 \u00a0 \u00a0 \u00a0 <\/strong>ND 4241\u00a0 \u00a0 \u00a0 \u00a0 \u00a0 \u00a0 \u00a0 \u00a0 \u00a0 \u00a0 <a href=\"https:\/\/snd1.org\/wp-content\/uploads\/HildegardisD.pdf\"><i class=\"fa fa-download\"><\/i>PDF Download<\/a><\/p>\n<p>Mechtild Ingensiep<\/p>\n<p>Maria Regina Provinz, Coesfeld, Deutschland<\/p>\n<p>Datum und Ort der Geburt:\u00a0\u00a0\u00a0\u00a0\u00a0\u00a0\u00a0\u00a0\u00a0\u00a0\u00a0 26. Oktober 1928\u00a0\u00a0\u00a0\u00a0\u00a0\u00a0\u00a0\u00a0\u00a0\u00a0 Kempen \/ Nrh.<br \/>\nDatum und Ort der Profess:\u00a0 \u00a0 \u00a0 \u00a0 \u00a0 \u00a0 09. April 1953\u00a0\u00a0\u00a0\u00a0\u00a0\u00a0\u00a0\u00a0\u00a0\u00a0\u00a0\u00a0\u00a0\u00a0\u00a0\u00a0 M\u00fclhausen<br \/>\nDatum und Ort des Todes:\u00a0 \u00a0 \u00a0 \u00a0 \u00a0 \u00a0 \u00a0 02. Juni 2021\u00a0\u00a0\u00a0\u00a0\u00a0\u00a0\u00a0\u00a0\u00a0\u00a0\u00a0\u00a0\u00a0\u00a0\u00a0\u00a0\u00a0 M\u00fclhausen, Haus Salus<br \/>\nDatum und Ort der Beerdigung:\u00a0\u00a0\u00a0\u00a0 11. Juni 2021\u00a0 \u00a0 \u00a0 \u00a0 \u00a0 \u00a0 \u00a0 \u00a0 \u00a0 \u00a0M\u00fclhausen, Schwesternfriedhof<\/p>\n<p><strong><em><a href=\"https:\/\/snd1.org\/wp-content\/uploads\/Sister-Maria-Hildegardis.jpg\"><img fetchpriority=\"high\" decoding=\"async\" class=\"alignleft wp-image-25875\" src=\"https:\/\/snd1.org\/wp-content\/uploads\/Sister-Maria-Hildegardis.jpg\" alt=\"\" width=\"350\" height=\"522\" srcset=\"https:\/\/snd1.org\/wp-content\/uploads\/Sister-Maria-Hildegardis.jpg 687w, https:\/\/snd1.org\/wp-content\/uploads\/Sister-Maria-Hildegardis-235x350.jpg 235w, https:\/\/snd1.org\/wp-content\/uploads\/Sister-Maria-Hildegardis-101x150.jpg 101w, https:\/\/snd1.org\/wp-content\/uploads\/Sister-Maria-Hildegardis-100x150.jpg 100w\" sizes=\"(max-width: 350px) 100vw, 350px\" \/><\/a>\u201eHerr, unser Herr, wie bist du zugegen und wie unsagbar nah bei uns.\u201c<\/em><\/strong><\/p>\n<p>Aus dieser Glaubensgewissheit sch\u00f6pfte Schwester Maria Hildegardis immer wieder ihre Kraft.<\/p>\n<p>Mechtild verlebte ihre Kindheit zusammen mit ihren drei Geschwistern im nahen Grefrath, wo ihr Vater Rektor der Volksschule war. Zeitlebens blieb sie ihrer Familie verbunden, und es war ihr ein gro\u00dfes Bed\u00fcrfnis, die Anliegen ihrer Familie mit ins Gebet zu nehmen.<\/p>\n<p>Bei der Wiederer\u00f6ffnung unserer Liebfrauenschule in M\u00fclhausen nach Kriegsende geh\u00f6rte sie ab Oktober 1945 zu den ersten Sch\u00fclerinnen und legte dort 1949 die Reifepr\u00fcfung ab.<\/p>\n<p>Bereits 1950 trat sie in unsere Kongregation in M\u00fclhausen ein. Nach ihrer ersten Profess wurde sie als Erzieherin in den Internaten in M\u00fclhausen und Ratingen eingesetzt. Schwester brachte sich sowohl hier als auch sp\u00e4ter als Lehrerin in der Volksschule in Rheinbach ganz ein. Ihre ihr lieb gewordene T\u00e4tigkeit in der Volksschule gab sie auf, um in unserem M\u00e4dchengymnasium St. Joseph (Rheinbach), wo Lehrermangel herrschte, zu unterrichten.<\/p>\n<p>Krankheitsbedingt wurde Sr. M. Hildegardis 1976 f\u00fcr einen l\u00e4ngeren Zeitraum nach Bad Peterstal beurlaubt, wo sie im Konvent der Vinzentinerinnen von Freiburg lebte. \u00dcber diese f\u00fcr sie wohl wichtige Zeit schreibt sie selbst: \u201cDie Schule und ihre jungen Menschen, denen bislang meine Liebe geh\u00f6rte, r\u00fcckten immer weiter von mir ab. \u2013 In der Begegnung mit dem kranken Menschen und seiner Not erwachten in mir neue Kr\u00e4fte und eine so feste Zuversicht und Freude, die mir das stille Wissen schenkten, dass <strong>hier<\/strong>, in einer solchen Aufgabe, meine Zukunft liegen w\u00fcrde.\u201c Etwas sp\u00e4ter schreibt sie: \u201eDie in Bad Peterstal gemachten Erfahrungen gaben mir im Fr\u00fchjahr 1978 den Mut, mich auf den Weg einzulassen, den meine Ordensobern mich gehen hie\u00dfen. Ich kehrte in meine Provinz zur\u00fcck und begann am 1. Mai 1978 (\u2026) meine Arbeit in der Krankenseelsorge in den Universit\u00e4tskliniken in Bonn-Venusberg.\u201c Auch diese ihr sehr lieb gewordene T\u00e4tigkeit musste sie \u2013 wieder krankheitsbedingt \u2013 aufgeben und kam 1995, nach kurzen Zwischenstationen in Kempen und Ratingen, nach Haus Salus, wo sie w\u00e4hrend der ersten Jahre ihre Mitschwestern noch seelsorglich begleiten konnte.<\/p>\n<p>Aus organisatorischen Gegebenheiten feierten wir die Liturgie von Fronleichnam bereits am Vortag. In seiner Homilie verband Pfarrer Quadflieg das Festgeheimnis mit den Strophen des Liedes Nr. 414 aus dem Gotteslob. Hier hei\u00dft die erste Strophe: <em>\u201eHerr, unser Herr, wie bist du zugegen \/ und wie unsagbar nah bei uns. \/ Allzeit bist du um uns in Sorge, \/ in deiner G\u00fcte birgst du uns.\u201c<\/em><\/p>\n<p>Nach der hl. Messe hat Pfarrer Quadflieg Sr. M. Hildegardis die Krankensalbung gespendet. Ihre Nichte, die \u00fcber die Verschlechterung ihres Gesundheitszustandes informiert worden war, kam umgehend und war dankbar, dass sie bis zum Heimgang ihrer Tante bei ihr sein konnte.<\/p>\n<p>Aus der Gewissheit der Sorge Gottes heraus hat Sr. M. Hildegardis des \u00d6fteren ihre Bereitschaft ge\u00e4u\u00dfert, sich Gott zu \u00fcberlassen. Sie war stets dankbar f\u00fcr jeden Besuch und jede Hilfeleistung; sie f\u00fchlte sich \u201ein Haus Salus gut aufgehoben\u201c, wie sie immer wieder betonte.<\/p>\n<p>Im Glauben wissen wir sie nun in Gottes N\u00e4he geborgen und vollendet.<\/p>\n","protected":false},"excerpt":{"rendered":"<p>Maria Regina Provinz<br \/>\nCoesfeld, Deutschland<br \/>\n02. Juni 2021\u00a0\u00a0\u00a0\u00a0<\/p>\n","protected":false},"author":8,"featured_media":63634,"comment_status":"closed","ping_status":"closed","sticky":false,"template":"","format":"standard","meta":{"colormag_page_container_layout":"default_layout","colormag_page_sidebar_layout":"default_layout","footnotes":""},"categories":[282],"tags":[],"class_list":["post-92549","post","type-post","status-publish","format-standard","has-post-thumbnail","hentry","category-todesnachricht"],"_links":{"self":[{"href":"https:\/\/snd1.org\/de\/wp-json\/wp\/v2\/posts\/92549","targetHints":{"allow":["GET"]}}],"collection":[{"href":"https:\/\/snd1.org\/de\/wp-json\/wp\/v2\/posts"}],"about":[{"href":"https:\/\/snd1.org\/de\/wp-json\/wp\/v2\/types\/post"}],"author":[{"embeddable":true,"href":"https:\/\/snd1.org\/de\/wp-json\/wp\/v2\/users\/8"}],"replies":[{"embeddable":true,"href":"https:\/\/snd1.org\/de\/wp-json\/wp\/v2\/comments?post=92549"}],"version-history":[{"count":1,"href":"https:\/\/snd1.org\/de\/wp-json\/wp\/v2\/posts\/92549\/revisions"}],"predecessor-version":[{"id":105594,"href":"https:\/\/snd1.org\/de\/wp-json\/wp\/v2\/posts\/92549\/revisions\/105594"}],"wp:featuredmedia":[{"embeddable":true,"href":"https:\/\/snd1.org\/de\/wp-json\/wp\/v2\/media\/63634"}],"wp:attachment":[{"href":"https:\/\/snd1.org\/de\/wp-json\/wp\/v2\/media?parent=92549"}],"wp:term":[{"taxonomy":"category","embeddable":true,"href":"https:\/\/snd1.org\/de\/wp-json\/wp\/v2\/categories?post=92549"},{"taxonomy":"post_tag","embeddable":true,"href":"https:\/\/snd1.org\/de\/wp-json\/wp\/v2\/tags?post=92549"}],"curies":[{"name":"wp","href":"https:\/\/api.w.org\/{rel}","templated":true}]}}