{"id":92064,"date":"2021-01-10T20:16:59","date_gmt":"2021-01-10T20:16:59","guid":{"rendered":"https:\/\/snd1.org\/schwester-mary-doretta\/"},"modified":"2024-07-05T10:09:55","modified_gmt":"2024-07-05T10:09:55","slug":"schwester-mary-doretta","status":"publish","type":"post","link":"https:\/\/snd1.org\/de\/todesnachricht\/schwester-mary-doretta\/","title":{"rendered":"Schwester Mary Doretta\u00a0"},"content":{"rendered":"<p><b>Schwester Mary Doretta\u00a0 \u00a0 \u00a0 \u00a0 \u00a0 \u00a0 \u00a0 \u00a0 \u00a0 \u00a0<\/b> <span style=\"font-weight: 400;\">ND 6612\u00a0 \u00a0 \u00a0 \u00a0 \u00a0 \u00a0 \u00a0 \u00a0 \u00a0 \u00a0 \u00a0 \u00a0 \u00a0<a href=\"https:\/\/snd1.org\/wp-content\/uploads\/DorettaD.pdf\"><i class=\"fa fa-download\"><\/i>PDF Download<\/a><\/span><\/p>\n<p><span style=\"font-weight: 400;\">Philena Ann PETER<\/span><\/p>\n<p><span style=\"font-weight: 400;\">Provinz der Unbefleckten Empf\u00e4ngnis, USA<\/span><\/p>\n<p><span style=\"font-weight: 400;\">Datum und Ort der Geburt:<\/span> <span style=\"font-weight: 400;\">02. April 1949<\/span>\u00a0 \u00a0 \u00a0 \u00a0<span style=\"font-weight: 400;\">Toledo, Ohio<br \/>\n<\/span><span style=\"font-weight: 400;\">Datum und Ort der Profess:<\/span> <span style=\"font-weight: 400;\">15. Januar 1971\u00a0 \u00a0\u00a0<\/span> <span style=\"font-weight: 400;\">Toledo, Ohio<br \/>\n<\/span><span style=\"font-weight: 400;\">Datum und Ort des Todes:\u00a0\u00a0<\/span> <span style=\"font-weight: 400;\">10. Januar 2021<\/span>\u00a0 \u00a0<span style=\"font-weight: 400;\">Sylvania, Ohio<\/span><\/p>\n<p><i><span style=\"font-weight: 400;\"><a href=\"https:\/\/snd1.org\/wp-content\/uploads\/Doretta.jpg\"><img fetchpriority=\"high\" decoding=\"async\" class=\"alignleft size-full wp-image-25252\" src=\"https:\/\/snd1.org\/wp-content\/uploads\/Doretta.jpg\" alt=\"\" width=\"246\" height=\"369\" srcset=\"https:\/\/snd1.org\/wp-content\/uploads\/Doretta.jpg 246w, https:\/\/snd1.org\/wp-content\/uploads\/Doretta-233x350.jpg 233w, https:\/\/snd1.org\/wp-content\/uploads\/Doretta-100x150.jpg 100w\" sizes=\"(max-width: 246px) 100vw, 246px\" \/><\/a>Bittet, dann wird euch gegeben; sucht, dann werdet ihr finden;<br \/>\n<\/span><\/i><i><span style=\"font-weight: 400;\">klopft an, dann wird euch ge\u00f6ffnet. (Lukas 11,9)<\/span><\/i><\/p>\n<p><span style=\"font-weight: 400;\">Schwester Maria Doretta war dem\u00fctig und zur\u00fcckhaltend, achtsam auf die Bed\u00fcrfnisse anderer, arbeitsam und immer auf den Willen Gottes achtend; in dieser Haltung lie\u00df sie Gott den Lenker ihres Lebens sein. Von Gott gef\u00fchrt konnte sie andere zu Gott f\u00fchren.<\/span><\/p>\n<p><span style=\"font-weight: 400;\">Philena war das j\u00fcngere der beiden Kinder der Eheleute Richard und Dorothy (Decker) Peter. Philena Ann lernte ihren Taufnamen lieben, denn ihre Mutter hatte ihn <\/span><span style=\"font-weight: 400;\">nur f\u00fcr sie<\/span><span style=\"font-weight: 400;\"> ausgesucht. Philenas Kindheit und Jugend wurden von den Schwestern Unserer Lieben Frau beeinflusst, denn sie besuchte die Ladyfield Grundschule, die Notre Dame Academy und das Notre Dame College in Ohio. Als Philena Schwester Unserer Lieben Frau wurde, w\u00e4hlte sie zu Ehren ihrer Mutter den Namen Schwester Mary Doretta, eine Form von Dorothy. Die Bekehrung ihrer Mutter zum katholischen Glauben war ein sehr froher Tag f\u00fcr Schwester Mary Doretta und ihre Familie.<\/span><\/p>\n<p><span style=\"font-weight: 400;\">Schwester besuchte die Bowling Green State Universit\u00e4t, an der sie den Master in Sonderp\u00e4dagogik erwarb. 1973 begann Schwester mit dem Unterricht in der Mary Immaculate Schule in Toledo, eine Schule f\u00fcr Kinder mit besonderen Bed\u00fcrfnissen. Von 1979 an unterrichtete Schwester einige Jahre die ersten Schuljahre in anderen Schulen der Di\u00f6zese Toledo, aber dann kehrte sie zu ihrer ersten Liebe und zu ihrem Beruf als Sonderschullehrerin an die Mary Immaculate Schule zur\u00fcck, wo sie weitere 25 Jahre unterrichtete. Viele Eltern und ehemalige Sch\u00fcler haben best\u00e4tigt, dass \u201eman sich immer auf Schwester Doretta verlassen konnte\u201c und dass \u201ealle durch ihre Worte und Taten sp\u00fcrten, dass Schwester sehr um das Wohl ihrer Sch\u00fcler besorgt war.\u201c Schwester war mit ihren kreativen Methoden sehr begabt, Kindern mit besonderen Bed\u00fcrfnissen zu helfen. Schwester teilte ihr Wissen mit, indem sie neun Jahre in der Schulleitung der Autismus-Akademie mitarbeitete.<\/span><\/p>\n<p><span style=\"font-weight: 400;\">Schwester Mary Doretta brachte ihre Kreativit\u00e4t in der Gemeinschaft ein. Sie sang, kochte und dekorierte gerne, besonders die Blumen in der Kapelle. Schwester Mary Doretta bleibt uns vor allem als betende Schwester in Erinnerung. Sie liebte und verehrte die Eucharistie, denn sie bereitete viele kleine Kinder auf die erste heilige Kommunion vor. Ihre Verehrung f\u00fcr Maria fand ihren Ausdruck im t\u00e4glichen Rosenkranzgebet, in Maialt\u00e4ren, in Spazierg\u00e4ngen zur Grotte und in ihrer Mitgliedschaft der Kongregation der Muttergottes.\u00a0<\/span><\/p>\n<p><span style=\"font-weight: 400;\">Der 15. Januar 2021 sollte ein besonderer Tag f\u00fcr sie werden, denn es war der Tag ihres Goldenen Ordensjubil\u00e4ums. Nur Gott wusste, dass der ewige Br\u00e4utigam sie zu sich holen w\u00fcrde. Das liebste Bibelzitat von Schwester Mary Doretta hat jetzt seine Erf\u00fcllung gefunden: Sie hat jetzt EMPFANGEN. Sie hat jetzt GEFUNDEN. Und die T\u00fcr ist nun f\u00fcr sie GE\u00d6FFNET worden. (Lk 11,9) M\u00f6ge sie ruhen in Frieden.<\/span><\/p>\n","protected":false},"excerpt":{"rendered":"<p>Provinz der Unbefleckten Empf\u00e4ngnis<br \/>\nUSA<br \/>\n10. Januar 2021\u00a0<\/p>\n","protected":false},"author":8,"featured_media":92066,"comment_status":"closed","ping_status":"closed","sticky":false,"template":"","format":"standard","meta":{"colormag_page_container_layout":"default_layout","colormag_page_sidebar_layout":"default_layout","footnotes":""},"categories":[282],"tags":[],"class_list":["post-92064","post","type-post","status-publish","format-standard","has-post-thumbnail","hentry","category-todesnachricht"],"_links":{"self":[{"href":"https:\/\/snd1.org\/de\/wp-json\/wp\/v2\/posts\/92064","targetHints":{"allow":["GET"]}}],"collection":[{"href":"https:\/\/snd1.org\/de\/wp-json\/wp\/v2\/posts"}],"about":[{"href":"https:\/\/snd1.org\/de\/wp-json\/wp\/v2\/types\/post"}],"author":[{"embeddable":true,"href":"https:\/\/snd1.org\/de\/wp-json\/wp\/v2\/users\/8"}],"replies":[{"embeddable":true,"href":"https:\/\/snd1.org\/de\/wp-json\/wp\/v2\/comments?post=92064"}],"version-history":[{"count":1,"href":"https:\/\/snd1.org\/de\/wp-json\/wp\/v2\/posts\/92064\/revisions"}],"predecessor-version":[{"id":105612,"href":"https:\/\/snd1.org\/de\/wp-json\/wp\/v2\/posts\/92064\/revisions\/105612"}],"wp:featuredmedia":[{"embeddable":true,"href":"https:\/\/snd1.org\/de\/wp-json\/wp\/v2\/media\/92066"}],"wp:attachment":[{"href":"https:\/\/snd1.org\/de\/wp-json\/wp\/v2\/media?parent=92064"}],"wp:term":[{"taxonomy":"category","embeddable":true,"href":"https:\/\/snd1.org\/de\/wp-json\/wp\/v2\/categories?post=92064"},{"taxonomy":"post_tag","embeddable":true,"href":"https:\/\/snd1.org\/de\/wp-json\/wp\/v2\/tags?post=92064"}],"curies":[{"name":"wp","href":"https:\/\/api.w.org\/{rel}","templated":true}]}}