{"id":91374,"date":"2020-08-31T17:55:40","date_gmt":"2020-08-31T17:55:40","guid":{"rendered":"https:\/\/snd1.org\/am-patronatsfest-maria-regina-22-08-2020-der-gottesmutter-fuer-ihren-schutz-waehrend-der-pandemie-gedankt\/"},"modified":"2024-05-27T07:41:51","modified_gmt":"2024-05-27T07:41:51","slug":"am-patronatsfest-maria-regina-22-08-2020-der-gottesmutter-fuer-ihren-schutz-waehrend-der-pandemie-gedankt","status":"publish","type":"post","link":"https:\/\/snd1.org\/de\/snd-nachrichten-2\/neuste-nachrichten\/am-patronatsfest-maria-regina-22-08-2020-der-gottesmutter-fuer-ihren-schutz-waehrend-der-pandemie-gedankt\/","title":{"rendered":"Am Patronatsfest Maria Regina (22.08.2020) der  Gottesmutter f\u00fcr ihren Schutz w\u00e4hrend der Pandemie gedankt"},"content":{"rendered":"<p><a href=\"https:\/\/snd1.org\/wp-content\/uploads\/20200822-Image.jpg\"><img fetchpriority=\"high\" decoding=\"async\" class=\"size-full wp-image-24630 aligncenter\" src=\"https:\/\/snd1.org\/wp-content\/uploads\/20200822-Image.jpg\" alt=\"\" width=\"1444\" height=\"1500\" srcset=\"https:\/\/snd1.org\/wp-content\/uploads\/20200822-Image.jpg 1444w, https:\/\/snd1.org\/wp-content\/uploads\/20200822-Image-337x350.jpg 337w, https:\/\/snd1.org\/wp-content\/uploads\/20200822-Image-986x1024.jpg 986w, https:\/\/snd1.org\/wp-content\/uploads\/20200822-Image-144x150.jpg 144w, https:\/\/snd1.org\/wp-content\/uploads\/20200822-Image-768x798.jpg 768w\" sizes=\"(max-width: 1444px) 100vw, 1444px\" \/><\/a><\/p>\n<p><a href=\"https:\/\/snd1.org\/wp-content\/uploads\/20200831The-Queenship-of-the-Blessed-Virgin-Mary-G.pdf\"><i class=\"fa fa-download\"><\/i>PDF Download<\/a><\/p>\n<p>Die Feier des Patronatsfestes der europ\u00e4ischen Maria Regina Provinz in Coesfeld stand ganz im Zeichen von Dank und Bitte an Maria, unsere m\u00e4chtige F\u00fcrsprecherin: <em>\u201eMaria K\u00f6nigin, wir danken Dir f\u00fcr deinen Schutz in dieser Zeit und bitten, bewahre uns weiter vor Schaden an Leib und Seele.\u201c<\/em><\/p>\n<p>Die Schwestern der Hausgemeinschaft von Kloster Annenthal versammelten sich zu einer kleinen Prozession, die zur alten Muttergottesstatue aus unserer Coesfelder Gr\u00fcndungszeit im Park f\u00fchrte. Dort waren f\u00fcr alle Schwestern Sitzm\u00f6glichkeiten vorbereitet, so dass wir uns aus vollem Herzen mit Dank und Bitte an Maria wenden konnten. Musikalisch unterst\u00fctzten uns die Schwestern von Haus Emmaus. Gemeinsam beteten wir die folgende Danklitanei:<\/p>\n<p>DANKLITANEI F\u00dcR GOTTES EWIGE HULD SEIT ERSCHAFFUNG DER WELT \u2013verbunden mit einem Dank an alle, die sich f\u00fcr andere einsetzen:<\/p>\n<p>HERR, gerade in diesen Tagen gibt es unz\u00e4hlige Menschen,<br \/>\ndie sich f\u00fcr andere, das Gemeinwohl,<br \/>\ndas Leben einsetzen<br \/>\nund dabei nicht selten<br \/>\ndie eigene Gesundheit riskieren \u2013<br \/>\nin Krankenh\u00e4usern und Arztpraxen,<br \/>\nin Apotheken und Superm\u00e4rkten,<br \/>\nbei Polizei und Feuerwehr,<br \/>\nim Rettungsdienst und im Verkehrswesen,<br \/>\nin Politik und Verwaltung.<br \/>\nSie alle und die vielen weiteren schlie\u00dfen wir ein<br \/>\nin den Dank an dich, unseren Herrn und Gott.<br \/>\nDankt dem Herrn, denn er ist gut,<br \/>\ndenn seine Huld w\u00e4hrt ewig!<br \/>\nDankt dem Herrn der Herren,<br \/>\ndenn seine Huld w\u00e4hrt ewig!<br \/>\nIhm, der allein gro\u00dfe Wunder tut,<br \/>\ndenn seine Huld w\u00e4hrt ewig!<br \/>\nder den Himmel gemacht hat in Weisheit,<br \/>\ndenn seine Huld w\u00e4hrt ewig!<br \/>\nDer die Erde befestigt hat \u00fcber den Wassern,<br \/>\ndenn seine Huld w\u00e4hrt ewig!<br \/>\nDer allem Fleisch Nahrung gibt,<br \/>\ndenn seine Huld w\u00e4hrt ewig!<br \/>\nDankt dem Gott des Himmels,<br \/>\ndenn seine Huld w\u00e4hrt ewig! Amen. \u00a0<em>(Dr. Christian Schramm, nach Psalm 136)<\/em><\/p>\n<p><em>\u00a0<\/em>Im Anschluss gab es ein Eis f\u00fcr alle Schwestern. Die gro\u00dfe Eislieferung aus der st\u00e4dtischen Eisdiele war eine Gelegenheit, die heimische Wirtschaft zu unterst\u00fctzen, was vom Inhaber dankbar wahrgenommen wurde.<\/p>\n<p style=\"text-align: right;\"><em>Bericht: Sr. Josefa Maria Bergmann<br \/>\n<\/em><em>Fotos: Sr. M. Hermengard Willemsen und Sr. Josefa Maria Bergmann<\/em><\/p>\n","protected":false},"excerpt":{"rendered":"<p>PDF Download Die Feier des Patronatsfestes der europ\u00e4ischen Maria Regina Provinz in Coesfeld stand ganz im Zeichen von Dank und<\/p>\n","protected":false},"author":8,"featured_media":91376,"comment_status":"closed","ping_status":"closed","sticky":false,"template":"","format":"standard","meta":{"colormag_page_container_layout":"default_layout","colormag_page_sidebar_layout":"default_layout","footnotes":""},"categories":[286],"tags":[],"class_list":["post-91374","post","type-post","status-publish","format-standard","has-post-thumbnail","hentry","category-neuste-nachrichten"],"_links":{"self":[{"href":"https:\/\/snd1.org\/de\/wp-json\/wp\/v2\/posts\/91374","targetHints":{"allow":["GET"]}}],"collection":[{"href":"https:\/\/snd1.org\/de\/wp-json\/wp\/v2\/posts"}],"about":[{"href":"https:\/\/snd1.org\/de\/wp-json\/wp\/v2\/types\/post"}],"author":[{"embeddable":true,"href":"https:\/\/snd1.org\/de\/wp-json\/wp\/v2\/users\/8"}],"replies":[{"embeddable":true,"href":"https:\/\/snd1.org\/de\/wp-json\/wp\/v2\/comments?post=91374"}],"version-history":[{"count":1,"href":"https:\/\/snd1.org\/de\/wp-json\/wp\/v2\/posts\/91374\/revisions"}],"predecessor-version":[{"id":102771,"href":"https:\/\/snd1.org\/de\/wp-json\/wp\/v2\/posts\/91374\/revisions\/102771"}],"wp:featuredmedia":[{"embeddable":true,"href":"https:\/\/snd1.org\/de\/wp-json\/wp\/v2\/media\/91376"}],"wp:attachment":[{"href":"https:\/\/snd1.org\/de\/wp-json\/wp\/v2\/media?parent=91374"}],"wp:term":[{"taxonomy":"category","embeddable":true,"href":"https:\/\/snd1.org\/de\/wp-json\/wp\/v2\/categories?post=91374"},{"taxonomy":"post_tag","embeddable":true,"href":"https:\/\/snd1.org\/de\/wp-json\/wp\/v2\/tags?post=91374"}],"curies":[{"name":"wp","href":"https:\/\/api.w.org\/{rel}","templated":true}]}}