{"id":89029,"date":"2019-05-20T07:20:34","date_gmt":"2019-05-20T07:20:34","guid":{"rendered":"https:\/\/snd1.org\/kroenung-der-maienkoenigin-incheon-korea\/"},"modified":"2024-05-27T07:49:25","modified_gmt":"2024-05-27T07:49:25","slug":"kroenung-der-maienkoenigin-incheon-korea","status":"publish","type":"post","link":"https:\/\/snd1.org\/de\/snd-nachrichten-2\/neuste-nachrichten\/kroenung-der-maienkoenigin-incheon-korea\/","title":{"rendered":"Kr\u00f6nung der Maienk\u00f6nigin, Incheon, Korea"},"content":{"rendered":"<p><a href=\"https:\/\/snd1.org\/wp-content\/uploads\/2019\/05\/20190511_MayCrwoningIncheon-1.jpg\"><img fetchpriority=\"high\" decoding=\"async\" class=\"size-full wp-image-22755 aligncenter\" src=\"https:\/\/snd1.org\/wp-content\/uploads\/2019\/05\/20190511_MayCrwoningIncheon-1.jpg\" alt=\"\" width=\"800\" height=\"800\" srcset=\"https:\/\/snd1.org\/wp-content\/uploads\/2019\/05\/20190511_MayCrwoningIncheon-1.jpg 800w, https:\/\/snd1.org\/wp-content\/uploads\/2019\/05\/20190511_MayCrwoningIncheon-1-150x150.jpg 150w, https:\/\/snd1.org\/wp-content\/uploads\/2019\/05\/20190511_MayCrwoningIncheon-1-350x350.jpg 350w, https:\/\/snd1.org\/wp-content\/uploads\/2019\/05\/20190511_MayCrwoningIncheon-1-768x768.jpg 768w, https:\/\/snd1.org\/wp-content\/uploads\/2019\/05\/20190511_MayCrwoningIncheon-1-45x45.jpg 45w\" sizes=\"(max-width: 800px) 100vw, 800px\" \/><\/a><\/p>\n<p><a href=\"https:\/\/snd1.org\/wp-content\/uploads\/2019\/05\/20190511-May-Crowning-Incheon-Korea_G.pdf\"><i class=\"fa fa-download\"><\/i>PDF Download<\/a><\/p>\n<p>Am Samstag, den 11. Mai 2019, versammelten sich die Schwestern der Regina Pacis Provinz, Incheon, um 17.00 Uhr mit den Assoziierten und den freiwilligen Helfern des Azaleenbasars zur Feier der Kr\u00f6nung der Maienk\u00f6nigin.<\/p>\n<p>Unter dem Thema \u201eMutter, die die Welt tr\u00e4gt\u201d verbrachten wir einen meditativen Abend, zu dem auch das Rosenkranzgebet geh\u00f6rte. Zu Ehren Marias wurde ihre Statue mit einer Krone versehen und mit Blumen, dekorativen Pflanzen\u00a0 und einer sch\u00f6nen, gro\u00dfen Kerze geschm\u00fcckt. Die Assoziierten trugen zur Feier bei, indem sie Gedichte vortrugen und Geige spielten, die Schwestern sangen und spielten Blockfl\u00f6te.<\/p>\n","protected":false},"excerpt":{"rendered":"<p>PDF Download Am Samstag, den 11. Mai 2019, versammelten sich die Schwestern der Regina Pacis Provinz, Incheon, um 17.00 Uhr<\/p>\n","protected":false},"author":8,"featured_media":89031,"comment_status":"closed","ping_status":"closed","sticky":false,"template":"","format":"standard","meta":{"colormag_page_container_layout":"default_layout","colormag_page_sidebar_layout":"default_layout","footnotes":""},"categories":[286],"tags":[],"class_list":["post-89029","post","type-post","status-publish","format-standard","has-post-thumbnail","hentry","category-neuste-nachrichten"],"_links":{"self":[{"href":"https:\/\/snd1.org\/de\/wp-json\/wp\/v2\/posts\/89029","targetHints":{"allow":["GET"]}}],"collection":[{"href":"https:\/\/snd1.org\/de\/wp-json\/wp\/v2\/posts"}],"about":[{"href":"https:\/\/snd1.org\/de\/wp-json\/wp\/v2\/types\/post"}],"author":[{"embeddable":true,"href":"https:\/\/snd1.org\/de\/wp-json\/wp\/v2\/users\/8"}],"replies":[{"embeddable":true,"href":"https:\/\/snd1.org\/de\/wp-json\/wp\/v2\/comments?post=89029"}],"version-history":[{"count":1,"href":"https:\/\/snd1.org\/de\/wp-json\/wp\/v2\/posts\/89029\/revisions"}],"predecessor-version":[{"id":102808,"href":"https:\/\/snd1.org\/de\/wp-json\/wp\/v2\/posts\/89029\/revisions\/102808"}],"wp:featuredmedia":[{"embeddable":true,"href":"https:\/\/snd1.org\/de\/wp-json\/wp\/v2\/media\/89031"}],"wp:attachment":[{"href":"https:\/\/snd1.org\/de\/wp-json\/wp\/v2\/media?parent=89029"}],"wp:term":[{"taxonomy":"category","embeddable":true,"href":"https:\/\/snd1.org\/de\/wp-json\/wp\/v2\/categories?post=89029"},{"taxonomy":"post_tag","embeddable":true,"href":"https:\/\/snd1.org\/de\/wp-json\/wp\/v2\/tags?post=89029"}],"curies":[{"name":"wp","href":"https:\/\/api.w.org\/{rel}","templated":true}]}}