{"id":83231,"date":"2016-08-04T15:47:59","date_gmt":"2016-08-04T15:47:59","guid":{"rendered":"https:\/\/snd1.org\/schwester-maria-valeria\/"},"modified":"2024-07-05T10:53:28","modified_gmt":"2024-07-05T10:53:28","slug":"schwester-maria-valeria","status":"publish","type":"post","link":"https:\/\/snd1.org\/de\/todesnachricht\/schwester-maria-valeria\/","title":{"rendered":"Schwester Maria Valeria"},"content":{"rendered":"<p><strong>Schwester \u00a0Maria \u00a0Valeria<\/strong>\u00a0\u00a0\u00a0\u00a0\u00a0\u00a0\u00a0\u00a0\u00a0\u00a0\u00a0\u00a0 ND 3950 \u00a0 \u00a0 \u00a0 \u00a0 \u00a0 \u00a0 \u00a0 \u00a0\u00a0<a href=\"https:\/\/snd1.org\/wp-content\/uploads\/2016\/08\/ValeriaD.pdf\"><i class=\"fa fa-download\"><\/i> PDF Download<\/a><br \/>\nMaria Valeria Rauber<\/p>\n<p>N.S. Aparecida Provinz, Canoas, RS \u2013 Brasilien<\/p>\n<p>Datum und Ort der Geburt:\u00a0\u00a0\u00a0\u00a0\u00a0\u00a0 12. November 1921 \u00a0\u00a0 Montenegro, RS<br \/>\nDatum und Ort der Profess:\u00a0\u00a0\u00a0\u00a0 23. Februar 1943\u00a0\u00a0\u00a0\u00a0\u00a0\u00a0\u00a0\u00a0 Passo Fundo, RS<br \/>\nDatum und Ort des Todes:\u00a0\u00a0\u00a0\u00a0\u00a0\u00a0 04. August 2016\u00a0\u00a0\u00a0\u00a0\u00a0\u00a0\u00a0\u00a0\u00a0 Recanto Aparecida, Canoas, RS<br \/>\nDatum und Ort der Bestattung: 05. August \u00a02016\u00a0\u00a0\u00a0\u00a0\u00a0\u00a0\u00a0 Schwesternfriedhof, Canoas, RS<\/p>\n<p><strong><em>\u201eKommt alle zu mir, die ihr euch plagt und schwere Lasten zu tragen habt.<br \/>\n<\/em><\/strong><strong><em>Ich werde euch Ruhe verschaffen.\u201d<\/em><\/strong> <strong>Mt 11,28<\/strong><strong>\u00a0<\/strong><\/p>\n<p><a href=\"https:\/\/snd1.org\/wp-content\/uploads\/2016\/08\/Valeria.jpg\"><img fetchpriority=\"high\" decoding=\"async\" class=\"alignleft wp-image-16835\" src=\"https:\/\/snd1.org\/wp-content\/uploads\/2016\/08\/Valeria.jpg\" alt=\"Valeria\" width=\"208\" height=\"310\" srcset=\"https:\/\/snd1.org\/wp-content\/uploads\/2016\/08\/Valeria.jpg 237w, https:\/\/snd1.org\/wp-content\/uploads\/2016\/08\/Valeria-235x350.jpg 235w, https:\/\/snd1.org\/wp-content\/uploads\/2016\/08\/Valeria-100x150.jpg 100w\" sizes=\"(max-width: 208px) 100vw, 208px\" \/><\/a>Diese Worte des hl. Matth\u00e4us wurden Wirklichkeit im Leben von Sr. Maria Valeria, die heimgerufen wurde, um den Lohn f\u00fcr die treue Erf\u00fcllung ihrer Sendung als Schwester Unserer Lieben Frau zu empfangen. Am Morgen des 4. August 2016 h\u00f6rte Schwester Maria Valeria die Einladung Jesu: \u201eKomm zu mir\u201c. Unser guter Vater hat in seiner Barmherzigkeit die langen Jahre ihres Leidens begleitet.<\/p>\n<p>Maria Valeria war die Tochter eines Bauern, der den Unterhalt seiner Familie durch die Arbeit mit der Erde verdiente. Sie war das zehnte der 17 Kinder von Leonardo Rauber und seiner Ehefrau Augusta Selbach. Gott segnete die Familie Rauber mit zwei T\u00f6chtern, die Schwester Unserer Lieben Frau wurden, Maria Valeria und Maria Hilga (Schwester Maria Giselda, die am 28. Januar 2004 heimging).<\/p>\n<p>1942 begann Schwester Maria Valeria in ihrem zweiten Noviziatsjahr mit ihrer T\u00e4tigkeit bei den Kranken. Bis 1972 arbeitete sie als engagierte Krankenschwester. Wegen gesundheitlicher Probleme gab sie ihre Arbeit im Krankenhaus auf und kam zur Behandlung ins Provinzhaus. Von 1973 bis 1991 lebte Schwester in verschiedenen Kommunit\u00e4ten, in denen sie ihr Talent f\u00fcr das Kunsthandwerk entfaltete. Sie arbeitete einige Jahre als Lehrerin. Dann half sie beim N\u00e4hen und machte sehr sch\u00f6ne Spitzen f\u00fcr Altardecken.<\/p>\n<p>1991 wurde Schwester Maria Valeria zum Recanto Aparecida versetzt, weil sie k\u00f6rperliche und psychische Hilfe brauchte. In diesen Jahren war das Kreuz der Einsamkeit ihr Begleiter. In Hosea 2,16 lesen wir: \u201eIch will sie in die W\u00fcste hinausf\u00fchren und sie umwerben.&#8221; Wir glauben, dass die fast 20 Jahre, in denen sie ans Bett gefesselt war, Jahre der Reinigung waren, die sie Gott n\u00e4her brachten.<\/p>\n<p>Sie hatte eine besondere Verehrung f\u00fcr Maria. Sie dr\u00fcckte dies aus in Liedern und durch Bilder Unserer Lieben Frau, die einen besonderen Platz in ihrem Zimmer hatten.<\/p>\n<p>W\u00e4hrend der langen Zeit ihrer Krankheit wurde Schwester Maria Valeria liebevoll gepflegt von ihren Mitschwestern und dem Pflegepersonal in Recanto Aparecida.<\/p>\n<p>Verankert im Glauben, der auch Schwester Maria Valeria auf ihrem Weg gest\u00e4rkt hat, glauben wir, dass sie nun unsere F\u00fcrsprecherin bei unserem guten Gott ist.<\/p>\n<p>R.I.P.<\/p>\n","protected":false},"excerpt":{"rendered":"<p>N.S. Aparecida Provinz<br \/>\nCanoas, RS \u2013 Brasilien<br \/>\n04. August 2016<\/p>\n","protected":false},"author":4,"featured_media":83232,"comment_status":"closed","ping_status":"closed","sticky":false,"template":"","format":"standard","meta":{"colormag_page_container_layout":"default_layout","colormag_page_sidebar_layout":"default_layout","footnotes":""},"categories":[282],"tags":[],"class_list":["post-83231","post","type-post","status-publish","format-standard","has-post-thumbnail","hentry","category-todesnachricht"],"_links":{"self":[{"href":"https:\/\/snd1.org\/de\/wp-json\/wp\/v2\/posts\/83231","targetHints":{"allow":["GET"]}}],"collection":[{"href":"https:\/\/snd1.org\/de\/wp-json\/wp\/v2\/posts"}],"about":[{"href":"https:\/\/snd1.org\/de\/wp-json\/wp\/v2\/types\/post"}],"author":[{"embeddable":true,"href":"https:\/\/snd1.org\/de\/wp-json\/wp\/v2\/users\/4"}],"replies":[{"embeddable":true,"href":"https:\/\/snd1.org\/de\/wp-json\/wp\/v2\/comments?post=83231"}],"version-history":[{"count":1,"href":"https:\/\/snd1.org\/de\/wp-json\/wp\/v2\/posts\/83231\/revisions"}],"predecessor-version":[{"id":105812,"href":"https:\/\/snd1.org\/de\/wp-json\/wp\/v2\/posts\/83231\/revisions\/105812"}],"wp:featuredmedia":[{"embeddable":true,"href":"https:\/\/snd1.org\/de\/wp-json\/wp\/v2\/media\/83232"}],"wp:attachment":[{"href":"https:\/\/snd1.org\/de\/wp-json\/wp\/v2\/media?parent=83231"}],"wp:term":[{"taxonomy":"category","embeddable":true,"href":"https:\/\/snd1.org\/de\/wp-json\/wp\/v2\/categories?post=83231"},{"taxonomy":"post_tag","embeddable":true,"href":"https:\/\/snd1.org\/de\/wp-json\/wp\/v2\/tags?post=83231"}],"curies":[{"name":"wp","href":"https:\/\/api.w.org\/{rel}","templated":true}]}}