{"id":81419,"date":"2015-11-15T07:52:11","date_gmt":"2015-11-15T07:52:11","guid":{"rendered":"https:\/\/snd1.org\/zweites-treffen-der-notre-dame-jugend-canoas-brasilien\/"},"modified":"2024-05-27T08:07:24","modified_gmt":"2024-05-27T08:07:24","slug":"zweites-treffen-der-notre-dame-jugend-canoas-brasilien","status":"publish","type":"post","link":"https:\/\/snd1.org\/de\/snd-nachrichten-2\/neuste-nachrichten\/zweites-treffen-der-notre-dame-jugend-canoas-brasilien\/","title":{"rendered":"Zweites Treffen der \u201cNotre Dame Jugend\u201d, Canoas, Brasilien"},"content":{"rendered":"<p><a href=\"https:\/\/snd1.org\/wp-content\/uploads\/2015\/11\/20151106_Canoas_Camp-for-Youth_01_w740.jpg\"><img fetchpriority=\"high\" decoding=\"async\" class=\"aligncenter size-full wp-image-14445\" src=\"https:\/\/snd1.org\/wp-content\/uploads\/2015\/11\/20151106_Canoas_Camp-for-Youth_01_w740.jpg\" alt=\"20151106_Canoas_Camp-for-Youth_01_w740\" width=\"740\" height=\"360\" srcset=\"https:\/\/snd1.org\/wp-content\/uploads\/2015\/11\/20151106_Canoas_Camp-for-Youth_01_w740.jpg 740w, https:\/\/snd1.org\/wp-content\/uploads\/2015\/11\/20151106_Canoas_Camp-for-Youth_01_w740-350x170.jpg 350w\" sizes=\"(max-width: 740px) 100vw, 740px\" \/><\/a><\/p>\n<p><a href=\"https:\/\/snd1.org\/wp-content\/uploads\/2015\/11\/20151106_Canoas_Camp-for-Youth_D-corr.pdf\"><i class=\"fa fa-download\"><\/i> PDF Download<\/a><\/p>\n<p>Am 25.September 2015 fuhren Schwester Raimara und Schwester Deisi Maria Naibo nach Palmas, Tocantins, um mit den Jugendlichen von Palmas, Para\u00edso do Tocantins, und Santa Rosa do Tocantins, wo die Schwestern Unserer Lieben Frau leben und arbeiten, den \u201cII AcampJUND\u201d zu veranstalten.<\/p>\n<p>Das Treffen fand am 27. September statt und zwar auf der Farm der Gemeinschaft \u201eSaat des Wortes\u201c. 53 Personen nahmen daran teil:\u00a0 Jugendliche zwischen 13 und 26 Jahren und eine begleitende Schwester aus jeder Gemeinde. Es war ein Tag des Meditierens, des Zusammenlebens, des Austausches, des Gebetes und der Unterhaltung. Grundlegendes Thema waren die Treffen des ganzen Jahres: \u201e<em>Wohin gehst du?\u201d <\/em>Die Jugendlichen waren eingeladen, \u00fcber ihre Vorstellungen nachzudenken und dann zu erkennen, dass sie die Gegenwart und die Zukunft ihres Lebens bestimmen wie auch die Bedeutung, welche Richtung sie einschlagen und wohin sie gelangen wollen. Daher wurde \u00fcber Berufung und \u00fcber die Realit\u00e4ten der Jugendlichen gesprochen. Die Jugendlichen nahmen an einem kulturellen Programm teil und an einer Integrationsrallye. Das Treffen schloss mit der Aussendung der Gruppen als Lichter, die alle erleuchten, mit denen sie zusammenkommen: Familien, Freunde, Mitsch\u00fcler, Kollegen etc.<\/p>\n<p>Am 3.Oktober hatten die Gruppen von JUND in der s\u00fcdlichen Region ihren II AcampJUND. Die jugendlichen Teilnehmer kamen aus Taquara, S\u00e3o Sep\u00e9, J\u00falio de Castilhos, Santa Maria, den St\u00e4dten Canoas, S\u00e3o Louren\u00e7o und Riqueza, SC. Das Treffen wurde abgehalten im Notre Dame Mehrzweckzentrum in Nova Santa Rita, RS. Ungef\u00e4hr 120 Menschen nahmen daran teil: Jugendliche, Begleiter, Musikanten und G\u00e4ste.<\/p>\n<p>Es wurden Themen behandelt wie Spiritualit\u00e4t, Liebe, Freundschaft, Berufung, Leitung und Realit\u00e4t der Jugend. Es gab auch Zeiten der Erholung und der Integration. Der Tag begann um 5.30 Uhr und endete mit einer hl. Messe um 17.30 Uhr mit Pater Domingos Rodrigues aus Bag\u00e9. Wir danken dem guten Gott f\u00fcr den Erfolg des II AcampJUND und freuen uns schon auf das Treffen im Jahr 2016.<\/p>\n<p><a href=\"https:\/\/snd1.org\/wp-content\/uploads\/2015\/11\/20151106_Canoas_Camp-for-Youth.jpg\"><img decoding=\"async\" class=\"aligncenter size-full wp-image-14446\" src=\"https:\/\/snd1.org\/wp-content\/uploads\/2015\/11\/20151106_Canoas_Camp-for-Youth.jpg\" alt=\"20151106_Canoas_Camp-for-Youth\" width=\"840\" height=\"440\" srcset=\"https:\/\/snd1.org\/wp-content\/uploads\/2015\/11\/20151106_Canoas_Camp-for-Youth.jpg 840w, https:\/\/snd1.org\/wp-content\/uploads\/2015\/11\/20151106_Canoas_Camp-for-Youth-350x183.jpg 350w\" sizes=\"(max-width: 840px) 100vw, 840px\" \/><\/a><\/p>\n","protected":false},"excerpt":{"rendered":"<p>Am 25.September 2015 fuhren Schwester Raimara und Schwester Deisi Maria Naibo nach Palmas, Tocantins, um mit den Jugendlichen von Palmas &#8230;<\/p>\n","protected":false},"author":4,"featured_media":81420,"comment_status":"closed","ping_status":"closed","sticky":false,"template":"","format":"standard","meta":{"colormag_page_container_layout":"default_layout","colormag_page_sidebar_layout":"default_layout","footnotes":""},"categories":[286],"tags":[],"class_list":["post-81419","post","type-post","status-publish","format-standard","has-post-thumbnail","hentry","category-neuste-nachrichten"],"_links":{"self":[{"href":"https:\/\/snd1.org\/de\/wp-json\/wp\/v2\/posts\/81419","targetHints":{"allow":["GET"]}}],"collection":[{"href":"https:\/\/snd1.org\/de\/wp-json\/wp\/v2\/posts"}],"about":[{"href":"https:\/\/snd1.org\/de\/wp-json\/wp\/v2\/types\/post"}],"author":[{"embeddable":true,"href":"https:\/\/snd1.org\/de\/wp-json\/wp\/v2\/users\/4"}],"replies":[{"embeddable":true,"href":"https:\/\/snd1.org\/de\/wp-json\/wp\/v2\/comments?post=81419"}],"version-history":[{"count":1,"href":"https:\/\/snd1.org\/de\/wp-json\/wp\/v2\/posts\/81419\/revisions"}],"predecessor-version":[{"id":103029,"href":"https:\/\/snd1.org\/de\/wp-json\/wp\/v2\/posts\/81419\/revisions\/103029"}],"wp:featuredmedia":[{"embeddable":true,"href":"https:\/\/snd1.org\/de\/wp-json\/wp\/v2\/media\/81420"}],"wp:attachment":[{"href":"https:\/\/snd1.org\/de\/wp-json\/wp\/v2\/media?parent=81419"}],"wp:term":[{"taxonomy":"category","embeddable":true,"href":"https:\/\/snd1.org\/de\/wp-json\/wp\/v2\/categories?post=81419"},{"taxonomy":"post_tag","embeddable":true,"href":"https:\/\/snd1.org\/de\/wp-json\/wp\/v2\/tags?post=81419"}],"curies":[{"name":"wp","href":"https:\/\/api.w.org\/{rel}","templated":true}]}}