{"id":80291,"date":"2015-05-11T09:52:59","date_gmt":"2015-05-11T09:52:59","guid":{"rendered":"https:\/\/snd1.org\/schwester-maria-lucien\/"},"modified":"2024-07-05T10:59:27","modified_gmt":"2024-07-05T10:59:27","slug":"schwester-maria-lucien","status":"publish","type":"post","link":"https:\/\/snd1.org\/de\/todesnachricht\/schwester-maria-lucien\/","title":{"rendered":"Schwester Maria Lucien"},"content":{"rendered":"<p><strong><a href=\"https:\/\/snd1.org\/wp-content\/uploads\/2015\/05\/Lucien_w400.jpg\"><img decoding=\"async\" class=\"alignright  wp-image-13061\" src=\"https:\/\/snd1.org\/wp-content\/uploads\/2015\/05\/Lucien_w400.jpg\" alt=\"Lucien_w400\" width=\"223\" height=\"182\" srcset=\"https:\/\/snd1.org\/wp-content\/uploads\/2015\/05\/Lucien_w400.jpg 400w, https:\/\/snd1.org\/wp-content\/uploads\/2015\/05\/Lucien_w400-150x123.jpg 150w, https:\/\/snd1.org\/wp-content\/uploads\/2015\/05\/Lucien_w400-300x245.jpg 300w\" sizes=\"(max-width: 223px) 100vw, 223px\" \/><\/a>Schwester Maria Lucien<\/strong>\u00a0\u00a0\u00a0\u00a0\u00a0\u00a0\u00a0\u00a0\u00a0\u00a0\u00a0\u00a0\u00a0\u00a0\u00a0\u00a0 ND 4322 \u00a0 \u00a0 \u00a0 \u00a0 \u00a0 \u00a0 \u00a0 \u00a0\u00a0<a href=\"https:\/\/snd1.org\/wp-content\/uploads\/2015\/05\/Lucien-D.pdf\">\u21d2 PDF Download<\/a><br \/>\nIda Johanna Maria Freriks<\/p>\n<p>Regina Virginum Delegation, Tegelen, Niederlande<\/p>\n<p>Datum und Ort der Geburt\u00a0\u00a0\u00a0\u00a014. Dezember 1923\u00a0\u00a0\u00a0Arnhem, Niederlande<br \/>\nDatum und Ort der Profess\u00a0\u00a0\u00a003. Januar 1953\u00a0\u00a0\u00a0\u00a0\u00a0Tegelen, Niederlande<br \/>\nDatum und Ort des Todes\u00a0\u00a0\u00a0\u00a0\u00a011. Mai 2015\u00a0\u00a0\u00a0\u00a0\u00a0\u00a0\u00a0\u00a0Tegelen, Niederlande<br \/>\nDatum und Ort der Bestattung\u00a0\u00a015. Mai 2015\u00a0\u00a0\u00a0Tegelen, Niederlande<\/p>\n<p><em>Du bist nicht tot \u2013 der Herr hat dich zu sich gerufen;<br \/>\n<\/em><em>du brauchst nicht l\u00e4nger nach Ruhe und Frieden zu suchen,<br \/>\n<\/em><em>du hast jetzt beides gefunden \u2013 denn nun bist du sicher zu Hause.<\/em><\/p>\n<p>Der Heimgang von Schwester Maria Lucien bedeutet f\u00fcr uns nicht Tod, sondern Leben. Sterben hei\u00dft f\u00fcr ein neues und ewiges Leben ges\u00e4t werden.<\/p>\n<p>Schwester Maria Lucien wuchs in einer liebevollen und religi\u00f6sen Familie auf. Ihre Eltern hatten sieben Kinder. Sie war das dritte Kind. Zwei ihrer Br\u00fcder starben im Kindesalter. Als junges M\u00e4dchen half Schwester in verschiedenen Familien, damit die M\u00fctter sich ein wenig erholen konnten.<\/p>\n<p>Als sie 27 Jahre alt war, sagte sie ihren Eltern, dass sie sich, wie schon einer ihrer Br\u00fcder, zum Ordensleben berufen f\u00fchlte. Ein Bruder hatte schon eine Familie, ein anderer war Priester. Sie wollte bei den Schwestern Unserer Lieben Frau in Tegelen eintreten.<\/p>\n<p>Kurz nach ihrer Profess traf sie hartes Leid. Sie wurde krank und musste an der Lunge operiert werden. Der Heilungsprozess dauerte sehr lange und war eine schwere Zeit f\u00fcr sie. Erst nach ihrer ewigen Profess konnte sie kleine Aufgaben \u00fcbernehmen.<\/p>\n<p>26 Jahre war sie f\u00fcr verschiedene Kindergruppen im Kinderheim in Amsterdam und im Internat in Tegelen verantwortlich. Sie widmete sich dieser Aufgabe von ganzem Herzen. Sie liebte die Kinder nach dem Motto von Mutter Julie: \u201eAh, qu\u2019il est bon, le bon Dieu.\u201d Wie gut ist doch der gute Gott! Sie wollte dies durch ihr Leben sichtbar machen.<\/p>\n<p>Auch im Ruhestand war sie noch in verschiedenen H\u00e4usern in Weert, Velp, Herpen und Tegelen t\u00e4tig, wo sie sich nach Kr\u00e4ften f\u00fcr das Wohl der Gemeinschaft einsetzte. Sie liebte Genauigkeit und Ordnung.<\/p>\n<p>Am fr\u00fchen Morgen des 11. Mai rief der Herr sie zu sich. Nun kann sie f\u00fcr immer bei ihm leben.<\/p>\n<p>M\u00f6ge sie nun nach einem langen Leben im wohlverdienten Frieden ruhen.<\/p>\n","protected":false},"excerpt":{"rendered":"<p>Regina Virginum Delegation<br \/>\nTegelen, Niederlande<br \/>\n11. Mai 2015<\/p>\n","protected":false},"author":4,"featured_media":80292,"comment_status":"closed","ping_status":"closed","sticky":false,"template":"","format":"standard","meta":{"colormag_page_container_layout":"default_layout","colormag_page_sidebar_layout":"default_layout","footnotes":""},"categories":[282],"tags":[],"class_list":["post-80291","post","type-post","status-publish","format-standard","has-post-thumbnail","hentry","category-todesnachricht"],"_links":{"self":[{"href":"https:\/\/snd1.org\/de\/wp-json\/wp\/v2\/posts\/80291","targetHints":{"allow":["GET"]}}],"collection":[{"href":"https:\/\/snd1.org\/de\/wp-json\/wp\/v2\/posts"}],"about":[{"href":"https:\/\/snd1.org\/de\/wp-json\/wp\/v2\/types\/post"}],"author":[{"embeddable":true,"href":"https:\/\/snd1.org\/de\/wp-json\/wp\/v2\/users\/4"}],"replies":[{"embeddable":true,"href":"https:\/\/snd1.org\/de\/wp-json\/wp\/v2\/comments?post=80291"}],"version-history":[{"count":1,"href":"https:\/\/snd1.org\/de\/wp-json\/wp\/v2\/posts\/80291\/revisions"}],"predecessor-version":[{"id":105883,"href":"https:\/\/snd1.org\/de\/wp-json\/wp\/v2\/posts\/80291\/revisions\/105883"}],"wp:featuredmedia":[{"embeddable":true,"href":"https:\/\/snd1.org\/de\/wp-json\/wp\/v2\/media\/80292"}],"wp:attachment":[{"href":"https:\/\/snd1.org\/de\/wp-json\/wp\/v2\/media?parent=80291"}],"wp:term":[{"taxonomy":"category","embeddable":true,"href":"https:\/\/snd1.org\/de\/wp-json\/wp\/v2\/categories?post=80291"},{"taxonomy":"post_tag","embeddable":true,"href":"https:\/\/snd1.org\/de\/wp-json\/wp\/v2\/tags?post=80291"}],"curies":[{"name":"wp","href":"https:\/\/api.w.org\/{rel}","templated":true}]}}