{"id":76438,"date":"2013-11-19T07:19:51","date_gmt":"2013-11-19T07:19:51","guid":{"rendered":"https:\/\/snd1.org\/paesentationen-von-schwester-teresita-weind-und-schwester-patricia-murray\/"},"modified":"2024-05-27T08:27:19","modified_gmt":"2024-05-27T08:27:19","slug":"paesentationen-von-schwester-teresita-weind-und-schwester-patricia-murray","status":"publish","type":"post","link":"https:\/\/snd1.org\/de\/snd-nachrichten-2\/neuste-nachrichten\/paesentationen-von-schwester-teresita-weind-und-schwester-patricia-murray\/","title":{"rendered":"P\u00e4sentationen von Schwester Teresita Weind und Schwester Patricia Murray"},"content":{"rendered":"<p><a href=\"https:\/\/snd1.org\/wp-content\/uploads\/2013\/11\/Sr.-Teresita-3_w300.jpg\"><img decoding=\"async\" class=\"alignleft  wp-image-8595\" alt=\"Sr.-Teresita-(3)_w300\" src=\"https:\/\/snd1.org\/wp-content\/uploads\/2013\/11\/Sr.-Teresita-3_w300.jpg\" width=\"180\" height=\"240\" srcset=\"https:\/\/snd1.org\/wp-content\/uploads\/2013\/11\/Sr.-Teresita-3_w300.jpg 300w, https:\/\/snd1.org\/wp-content\/uploads\/2013\/11\/Sr.-Teresita-3_w300-112x150.jpg 112w, https:\/\/snd1.org\/wp-content\/uploads\/2013\/11\/Sr.-Teresita-3_w300-225x300.jpg 225w\" sizes=\"(max-width: 180px) 100vw, 180px\" \/><\/a>Schwester Teresita Weind, SNDdeN, Generaloberin der Schwestern Unserer Lieben Frau von Namur, verbrachte den 16. November mit den Teilnehmerinnen der Konferenz f\u00fcr Ausbildungsleiterinnen. Das Thema des Tages war <i>Das Gebet im Leben von apostolisch aktiven Ordensfrauen<\/i>. Sr. Teresita erl\u00e4uterte die Bedeutung des Ausdrucks \u201eVerz\u00fcckung in Aktion\u201d, der von Sr. Mary Linscott in ihrem Buch <span style=\"text-decoration: underline;\">The Fourth Essential <\/span>gepr\u00e4gt wurde. Wir betrachteten Gemeinschaft, Sendung und T\u00e4tigkeit vom Blickwinkel der \u201eVerz\u00fcckung in Aktion\u201d. Hier einige Reaktionen der Schwestern nach der Pr\u00e4sentation von Sr. Teresita:<\/p>\n<p>\u201eDie Worte von Schwester Teresita haben mich sehr anger\u00fchrt und mir auf ganz eigene Weise geholfen, Gottes G\u00fcte zu erfahren. Schwester hat uns vermittelt, wie Gottes bedingungslose Liebe durch die Liebe zum anderen zu uns kommt und das Gleichgewicht zwischen Gebet und Aktion ist der Weg, auf diese Liebe zu antworten. Unser Leben als Schwestern unserer Lieben Frau sollte \u00fcberstr\u00f6men von der G\u00fcte Gottes.\u201d<\/p>\n<p>\u201eSchwester war motivierend, inspirierend und aufschlussreich.\u201d<\/p>\n<p><a href=\"https:\/\/snd1.org\/wp-content\/uploads\/2013\/11\/Sr.-Pat-1_w300.jpg\"><img fetchpriority=\"high\" decoding=\"async\" class=\"alignright size-full wp-image-8596\" alt=\"Sr.-Pat-(1)_w300\" src=\"https:\/\/snd1.org\/wp-content\/uploads\/2013\/11\/Sr.-Pat-1_w300.jpg\" width=\"300\" height=\"400\" srcset=\"https:\/\/snd1.org\/wp-content\/uploads\/2013\/11\/Sr.-Pat-1_w300.jpg 300w, https:\/\/snd1.org\/wp-content\/uploads\/2013\/11\/Sr.-Pat-1_w300-112x150.jpg 112w, https:\/\/snd1.org\/wp-content\/uploads\/2013\/11\/Sr.-Pat-1_w300-225x300.jpg 225w\" sizes=\"(max-width: 300px) 100vw, 300px\" \/><\/a>Am 17. November sprach Schwester Patricia Murray, Vorsitzende des UISG S\u00fcdsudan-Projektes, zu den Ausbilderinnen \u00fcber multikulturelle Gemeinschaften. Schwester bezeichnete die Bedeutung von Kultur als die \u201eLuft\u201c, die wir atmen und erl\u00e4uterte Bereiche, in denen sich bestimmte, kulturelle Merkmale finden lassen. Die Teilnehmerinnen \u00e4u\u00dferten sich folgenderma\u00dfen zu Schwesters Pr\u00e4sentation:<\/p>\n<p>\u201eMir hat besonders gut gefallen, dass Sr. Pat aus eigener Erfahrung sprach. F\u00fcr mich war es tr\u00f6stlich zu erfahren, dass das Kennenlernen einer anderen Kultur ein fortdauernder Prozess ist, ein Prozess, der nie abgeschlossen ist.\u201d<\/p>\n<p>\u201eDie Pr\u00e4sentation ist eine gute Verbindung von Theorie und Forschung mit der eigenen gelebten Erfahrung als t\u00e4tige Ordensfrau.\u201d<\/p>\n<p>\u201eIch bin dankbar, dass sie uns nicht nur etwas vermittelt hat, was sie gelesen hat. Ihre Erfahrungen haben mich anger\u00fchrt.\u201d<\/p>\n<p>Um weitere Bilder zu sehen, besuchen Sie bitte die reservierten Bereich oder <a href=\"http:\/\/reserved.snd1.org\/de\/conferences\/2013-international-formators-conference\/presentations-by-sister-teresita-wiend-and-sister-patricia-murray\/\" target=\"_blank\" rel=\"noopener\">klicken Sie hier<\/a>.<\/p>\n","protected":false},"excerpt":{"rendered":"<p>Schwester Teresita Wiend, SNDdeN, Generaloberin der Schwestern Unserer Lieben Frau von Namur, verbrachte den 16. November mit den &#8230;<\/p>\n","protected":false},"author":3,"featured_media":76439,"comment_status":"closed","ping_status":"closed","sticky":false,"template":"","format":"standard","meta":{"colormag_page_container_layout":"default_layout","colormag_page_sidebar_layout":"default_layout","footnotes":""},"categories":[286],"tags":[],"class_list":["post-76438","post","type-post","status-publish","format-standard","has-post-thumbnail","hentry","category-neuste-nachrichten"],"_links":{"self":[{"href":"https:\/\/snd1.org\/de\/wp-json\/wp\/v2\/posts\/76438","targetHints":{"allow":["GET"]}}],"collection":[{"href":"https:\/\/snd1.org\/de\/wp-json\/wp\/v2\/posts"}],"about":[{"href":"https:\/\/snd1.org\/de\/wp-json\/wp\/v2\/types\/post"}],"author":[{"embeddable":true,"href":"https:\/\/snd1.org\/de\/wp-json\/wp\/v2\/users\/3"}],"replies":[{"embeddable":true,"href":"https:\/\/snd1.org\/de\/wp-json\/wp\/v2\/comments?post=76438"}],"version-history":[{"count":1,"href":"https:\/\/snd1.org\/de\/wp-json\/wp\/v2\/posts\/76438\/revisions"}],"predecessor-version":[{"id":103187,"href":"https:\/\/snd1.org\/de\/wp-json\/wp\/v2\/posts\/76438\/revisions\/103187"}],"wp:featuredmedia":[{"embeddable":true,"href":"https:\/\/snd1.org\/de\/wp-json\/wp\/v2\/media\/76439"}],"wp:attachment":[{"href":"https:\/\/snd1.org\/de\/wp-json\/wp\/v2\/media?parent=76438"}],"wp:term":[{"taxonomy":"category","embeddable":true,"href":"https:\/\/snd1.org\/de\/wp-json\/wp\/v2\/categories?post=76438"},{"taxonomy":"post_tag","embeddable":true,"href":"https:\/\/snd1.org\/de\/wp-json\/wp\/v2\/tags?post=76438"}],"curies":[{"name":"wp","href":"https:\/\/api.w.org\/{rel}","templated":true}]}}